{"id":103693,"date":"2023-12-13T20:34:21","date_gmt":"2023-12-13T23:34:21","guid":{"rendered":"https:\/\/blogdoedvaldomagalhaes.com.br\/?p=103693"},"modified":"2023-12-13T20:34:22","modified_gmt":"2023-12-13T23:34:22","slug":"revisao-gratuita-quinta-14-para-carros-e-sabado-16-para-motos-em-caruaru","status":"publish","type":"post","link":"https:\/\/blogdoedvaldomagalhaes.com.br\/index.php\/2023\/12\/13\/revisao-gratuita-quinta-14-para-carros-e-sabado-16-para-motos-em-caruaru\/","title":{"rendered":"Revis\u00e3o gratuita quinta (14) para carros e s\u00e1bado (16) para motos, em Caruaru"},"content":{"rendered":"<p><span style=\"font-size: revert;\">A Escola Brasileira de Profiss\u00f5es (EBP Caruaru) ir\u00e1 promover dois dias de a\u00e7\u00e3o solid\u00e1ria para as pessoas interessadas em receber servi\u00e7os gratuitos em carros e motos. Ser\u00e3o disponibilizadas revis\u00f5es b\u00e1sicas. As vagas s\u00e3o limitadas e por ordem de chegada.<\/span><\/p>\n<p>Os servi\u00e7os ser\u00e3o executados pelos alunos dos cursos de Mec\u00e2nica de Carro e de Moto, sob a supervis\u00e3o dos instrutores. A a\u00e7\u00e3o acontecer\u00e1 no dia 14 de dezembro (quinta), das 13h30 \u00e0s 16h, para carros. E no dia 16 de dezembro (s\u00e1bado), das 8h30 \u00e0s 12h, para motos. Tudo de forma gratuita.<\/p>\n<p>\u201cOferecer servi\u00e7os gratuitos para a popula\u00e7\u00e3o \u00e9 uma forma da nossa escola contribuir para um tr\u00e2nsito mais seguro, ainda mais nesta \u00e9poca de final de ano, onde muita gente viaja. Logo, com ve\u00edculos em dia, o risco de acidentes pode diminuir consideravelmente\u201d, explica o coordenador pedag\u00f3gico da EBP Caruaru, Anderson Felix.<\/p>\n<p>A Escola Brasileira de Profiss\u00f5es (EBP Caruaru) fica localizada na rua Nunes Machado, 270, no bairro Nossa Senhora das Dores. Outras informa\u00e7\u00f5es pelo telefone (81) 3721.6000.<\/p>\n<p>*Mec\u00e2nica de Autom\u00f3veis* \u2013 O curso profissionalizante de Mec\u00e2nica de Carro e de Moto oferecido pela EBP Caruaru tem certificado reconhecido em todo territ\u00f3rio brasileiro, com professores qualificados, \u00e9 90% pr\u00e1tico e com prepara\u00e7\u00e3o para atuar no mercado de trabalho. Jovens a partir dos 14 anos j\u00e1 podem ingressar no curso que abordar\u00e1 sobre inje\u00e7\u00e3o eletr\u00f4nica completa, parte el\u00e9trica, freios, revis\u00e3o geral, regulagem de v\u00e1lvulas comum e por sele\u00e7\u00e3o de pastilhas, montagem e desmontagem, entre outros.<\/p>\n<p>Aulas-teste &#8211; Qualquer pessoa, a partir dos 14 anos, que tiver interesse em conhecer, na pr\u00e1tica, as aulas de mec\u00e2nica da EBP Caruaru, pode agendar uma aula-teste gratuita pelo telefone (81) 98162.9812.<\/p>\n<p>Descontos Especiais &#8211; Os profissionais que j\u00e1 atuam na \u00e1rea (em oficinas, autope\u00e7as, locadoras de ve\u00edculos, revenda de autom\u00f3veis, etc) e quiserem se aperfei\u00e7oar ou suas equipes, tem descontos especiais para os cursos de mec\u00e2nica de carro e de moto. Foto: Divulga\u00e7\u00e3o<\/p>\n<p>Siga o Instagram do Blog @blogdoedvaldomagalhaes<\/p>\n","protected":false},"excerpt":{"rendered":"<p>A Escola Brasileira de Profiss\u00f5es (EBP Caruaru) ir\u00e1 promover dois dias de a\u00e7\u00e3o solid\u00e1ria para as pessoas interessadas em receber&hellip;<\/p>\n","protected":false},"author":1,"featured_media":103694,"comment_status":"closed","ping_status":"open","sticky":false,"template":"","format":"standard","meta":{"footnotes":""},"categories":[14120],"tags":[28803,2,28801,3406,29341],"class_list":["post-103693","post","type-post","status-publish","format-standard","has-post-thumbnail","hentry","category-noticias","tag-blog-com-mais-visualizacoes","tag-blog-do-edvaldo-magalhaes","tag-blog-mais-acessado","tag-caruaru","tag-revisao-gratuita-quinta-14-para-carros-e-sabado-16-para-motos-em-caruaru"],"_links":{"self":[{"href":"https:\/\/blogdoedvaldomagalhaes.com.br\/index.php\/wp-json\/wp\/v2\/posts\/103693","targetHints":{"allow":["GET"]}}],"collection":[{"href":"https:\/\/blogdoedvaldomagalhaes.com.br\/index.php\/wp-json\/wp\/v2\/posts"}],"about":[{"href":"https:\/\/blogdoedvaldomagalhaes.com.br\/index.php\/wp-json\/wp\/v2\/types\/post"}],"author":[{"embeddable":true,"href":"https:\/\/blogdoedvaldomagalhaes.com.br\/index.php\/wp-json\/wp\/v2\/users\/1"}],"replies":[{"embeddable":true,"href":"https:\/\/blogdoedvaldomagalhaes.com.br\/index.php\/wp-json\/wp\/v2\/comments?post=103693"}],"version-history":[{"count":1,"href":"https:\/\/blogdoedvaldomagalhaes.com.br\/index.php\/wp-json\/wp\/v2\/posts\/103693\/revisions"}],"predecessor-version":[{"id":103695,"href":"https:\/\/blogdoedvaldomagalhaes.com.br\/index.php\/wp-json\/wp\/v2\/posts\/103693\/revisions\/103695"}],"wp:featuredmedia":[{"embeddable":true,"href":"https:\/\/blogdoedvaldomagalhaes.com.br\/index.php\/wp-json\/wp\/v2\/media\/103694"}],"wp:attachment":[{"href":"https:\/\/blogdoedvaldomagalhaes.com.br\/index.php\/wp-json\/wp\/v2\/media?parent=103693"}],"wp:term":[{"taxonomy":"category","embeddable":true,"href":"https:\/\/blogdoedvaldomagalhaes.com.br\/index.php\/wp-json\/wp\/v2\/categories?post=103693"},{"taxonomy":"post_tag","embeddable":true,"href":"https:\/\/blogdoedvaldomagalhaes.com.br\/index.php\/wp-json\/wp\/v2\/tags?post=103693"}],"curies":[{"name":"wp","href":"https:\/\/api.w.org\/{rel}","templated":true}]}}