{"id":103690,"date":"2023-12-13T20:22:42","date_gmt":"2023-12-13T23:22:42","guid":{"rendered":"https:\/\/blogdoedvaldomagalhaes.com.br\/?p=103690"},"modified":"2023-12-13T20:22:44","modified_gmt":"2023-12-13T23:22:44","slug":"prefeito-rodrigo-pinheiro-se-junta-a-milhares-de-fieis-e-sobe-o-monte-bom-jesus-no-dia-de-santa-luzia","status":"publish","type":"post","link":"https:\/\/blogdoedvaldomagalhaes.com.br\/index.php\/2023\/12\/13\/prefeito-rodrigo-pinheiro-se-junta-a-milhares-de-fieis-e-sobe-o-monte-bom-jesus-no-dia-de-santa-luzia\/","title":{"rendered":"Prefeito Rodrigo Pinheiro se junta a milhares de fi\u00e9is e sobe o Monte Bom Jesus no Dia de Santa Luzia"},"content":{"rendered":"<p><span style=\"font-size: revert;\">As festividades tiveram in\u00edcio \u00e0s 5h com uma alvorada e acolhida aos devotos, seguida pelo Ter\u00e7o de Nossa Senhora. A Santa Missa, presidida por Dom Jos\u00e9 Ruy, trouxe reflex\u00f5es espirituais \u00e0 comunidade presente. O \u00e1pice do dia foi a emocionante subida dos 365 degraus pelos fi\u00e9is. Muitos, como ato f\u00e9, subiram de joelhos, agradecendo pelas preces alcan\u00e7adas.<\/span><\/p>\n<p>O ponto alto da celebra\u00e7\u00e3o foi a participa\u00e7\u00e3o do Prefeito Rodrigo Pinheiro, que compartilhou a import\u00e2ncia do evento. &#8220;Hoje \u00e9 muito mais do que um dia comum, \u00e9 um dia de f\u00e9, celebra\u00e7\u00e3o e uni\u00e3o. \u00c9 muito valioso me juntar \u00e0 comunidade para vivenciar este momento especial de devo\u00e7\u00e3o num espa\u00e7o como o Monte Bom Jesus, com uma atmosfera \u00fanica,&#8221; refor\u00e7ou o prefeito.<\/p>\n<p>A festa, que j\u00e1 se tornou uma tradi\u00e7\u00e3o anual, transcende a temporalidade, unindo passado, presente e futuro em um elo de devo\u00e7\u00e3o e f\u00e9. O tema deste ano, &#8220;Portadora da Luz, conservai nossa f\u00e9&#8221;, ressoou em cada momento, iluminando os cora\u00e7\u00f5es dos presentes.<\/p>\n<p>Caruaru renova, mais uma vez, seus la\u00e7os espirituais e culturais, reafirmando a import\u00e2ncia de preservar e celebrar as tradi\u00e7\u00f5es que fazem parte da identidade dessa comunidade. O dia de Santa Luzia permanece como um marco significativo, unindo a cidade em uma manifesta\u00e7\u00e3o de f\u00e9 e devo\u00e7\u00e3o. Foto: Jorge Farias.<\/p>\n<p>Siga o Instagram do Blog @blogdoedvaldomagalhaes<\/p>\n","protected":false},"excerpt":{"rendered":"<p>As festividades tiveram in\u00edcio \u00e0s 5h com uma alvorada e acolhida aos devotos, seguida pelo Ter\u00e7o de Nossa Senhora. A&hellip;<\/p>\n","protected":false},"author":1,"featured_media":103691,"comment_status":"closed","ping_status":"open","sticky":false,"template":"","format":"standard","meta":{"footnotes":""},"categories":[14122],"tags":[28803,2,28801,3406,29340],"class_list":["post-103690","post","type-post","status-publish","format-standard","has-post-thumbnail","hentry","category-politica","tag-blog-com-mais-visualizacoes","tag-blog-do-edvaldo-magalhaes","tag-blog-mais-acessado","tag-caruaru","tag-prefeito-rodrigo-pinheiro-se-junta-a-milhares-de-fieis-e-sobe-o-monte-bom-jesus-no-dia-de-santa-luzia"],"_links":{"self":[{"href":"https:\/\/blogdoedvaldomagalhaes.com.br\/index.php\/wp-json\/wp\/v2\/posts\/103690","targetHints":{"allow":["GET"]}}],"collection":[{"href":"https:\/\/blogdoedvaldomagalhaes.com.br\/index.php\/wp-json\/wp\/v2\/posts"}],"about":[{"href":"https:\/\/blogdoedvaldomagalhaes.com.br\/index.php\/wp-json\/wp\/v2\/types\/post"}],"author":[{"embeddable":true,"href":"https:\/\/blogdoedvaldomagalhaes.com.br\/index.php\/wp-json\/wp\/v2\/users\/1"}],"replies":[{"embeddable":true,"href":"https:\/\/blogdoedvaldomagalhaes.com.br\/index.php\/wp-json\/wp\/v2\/comments?post=103690"}],"version-history":[{"count":1,"href":"https:\/\/blogdoedvaldomagalhaes.com.br\/index.php\/wp-json\/wp\/v2\/posts\/103690\/revisions"}],"predecessor-version":[{"id":103692,"href":"https:\/\/blogdoedvaldomagalhaes.com.br\/index.php\/wp-json\/wp\/v2\/posts\/103690\/revisions\/103692"}],"wp:featuredmedia":[{"embeddable":true,"href":"https:\/\/blogdoedvaldomagalhaes.com.br\/index.php\/wp-json\/wp\/v2\/media\/103691"}],"wp:attachment":[{"href":"https:\/\/blogdoedvaldomagalhaes.com.br\/index.php\/wp-json\/wp\/v2\/media?parent=103690"}],"wp:term":[{"taxonomy":"category","embeddable":true,"href":"https:\/\/blogdoedvaldomagalhaes.com.br\/index.php\/wp-json\/wp\/v2\/categories?post=103690"},{"taxonomy":"post_tag","embeddable":true,"href":"https:\/\/blogdoedvaldomagalhaes.com.br\/index.php\/wp-json\/wp\/v2\/tags?post=103690"}],"curies":[{"name":"wp","href":"https:\/\/api.w.org\/{rel}","templated":true}]}}