{"id":103684,"date":"2023-12-13T19:00:05","date_gmt":"2023-12-13T22:00:05","guid":{"rendered":"https:\/\/blogdoedvaldomagalhaes.com.br\/?p=103684"},"modified":"2023-12-13T19:00:07","modified_gmt":"2023-12-13T22:00:07","slug":"no-lancamento-do-minha-casa-minha-vida-cidades-em-brasilia-governadora-raquel-lyra-destaca-avancos-da-politica-habitacional-em-pernambuco","status":"publish","type":"post","link":"https:\/\/blogdoedvaldomagalhaes.com.br\/index.php\/2023\/12\/13\/no-lancamento-do-minha-casa-minha-vida-cidades-em-brasilia-governadora-raquel-lyra-destaca-avancos-da-politica-habitacional-em-pernambuco\/","title":{"rendered":"No lan\u00e7amento do Minha Casa Minha Vida Cidades, em Bras\u00edlia, governadora Raquel Lyra destaca avan\u00e7os da pol\u00edtica habitacional em Pernambuco"},"content":{"rendered":"<p><span style=\"font-size: revert;\">Durante cerim\u00f4nia de apresenta\u00e7\u00e3o do Minha Casa Minha Vida Cidades, nesta quarta-feira (13), em Bras\u00edlia, a governadora Raquel Lyra apresentou as a\u00e7\u00f5es realizadas pelo Morar Bem PE, pol\u00edtica habitacional do Estado. Ao lado do ministro das Cidades, Jader Filho, a gestora refor\u00e7ou a import\u00e2ncia da iniciativa por parte do governo federal e agradeceu a parceria para ampliar o acesso \u00e0 casa pr\u00f3pria para os pernambucanos.<\/span><\/p>\n<p>&#8220;Temos trabalhado com uma pol\u00edtica habitacional ampla com o Morar Bem PE. Nestes 12 meses j\u00e1 realizamos a entrega de 696 unidades habitacionais. Tamb\u00e9m conseguimos mais de 10 mil casas do Minha Casa Minha Vida faixa 1. J\u00e1 temos 30 mil inscritos no Entrada Garantida e entregamos 3.922 t\u00edtulos de propriedade. Sem d\u00favidas, precisamos alavancar recursos, movimentar a constru\u00e7\u00e3o civil, que \u00e9 a ind\u00fastria que retoma empregos mais r\u00e1pido no nosso Estado. Agrade\u00e7o ao Minist\u00e9rio das Cidades e ao presidente Lula pelas parcerias que estamos conseguindo fazer para avan\u00e7ar ainda mais&#8221;, ressaltou Raquel Lyra.<\/p>\n<p>O Minha Casa Minha Vida Cidades tem o objetivo de facilitar o acesso de fam\u00edlias de baixa renda ao cr\u00e9dito habitacional por meio do aporte de contrapartida da Uni\u00e3o oriunda de emendas parlamentares de estados e munic\u00edpios. O ministro das Cidades, Jader Filho, refor\u00e7ou a parceria com o Governo do Estado para ampliar o benef\u00edcio do programa. &#8220;O que permite que mais fam\u00edlias tenham acesso ao programa \u00e9 a uni\u00e3o com os estados. Por isso, agrade\u00e7o a presen\u00e7a da governadora de Pernambuco, Raquel Lyra, que vem fazendo esfor\u00e7os junto aos munic\u00edpios para ampliar os financiamentos pelo Minha Casa Minha Vida. No in\u00edcio do ano, nossa meta era de 375 mil unidades financiadas e j\u00e1 chegamos a 500 mil por todo o pa\u00eds&#8221;, afirmou.<\/p>\n<p>Por meio do Morar Bem, j\u00e1 foram entregues 696 unidades habitacionais e 3.922 t\u00edtulos de propriedade. J\u00e1 na modalidade Entrada Garantida, que concede subs\u00eddio de at\u00e9 R$ 20 mil na entrada do im\u00f3vel, o Estado conta com 30 mil inscritos.<\/p>\n<p>Tamb\u00e9m presente no evento, a secret\u00e1ria de Desenvolvimento Urbano e Habita\u00e7\u00e3o (Seduh), Simone Nunes comentou sobre a import\u00e2ncia da iniciativa. &#8220;Assim como o Minha Casa Minha Vida, o Morar Bem tamb\u00e9m tem diversas modalidades. Entre elas, temos a regulariza\u00e7\u00e3o fundi\u00e1ria, entrega de habitacionais e o Entrada Garantida. Pernambuco foi pioneiro com o Morar Bem PE e o MCMV Emendas, em que os parlamentares podem alocar recursos para poder aumentar o n\u00famero de casas. E esse \u00e9 um nicho que o Governo de Pernambuco est\u00e1 fazendo uma conscientiza\u00e7\u00e3o com os parlamentares para ter essa capta\u00e7\u00e3o destinada para habita\u00e7\u00e3o&#8221;, concluiu.<\/p>\n<p>Foto: Marcelo Camar\u00e1\/Divulga\u00e7\u00e3o.<\/p>\n<p>Siga o Instagram do Blog @blogdoedvaldomagalhaes<\/p>\n","protected":false},"excerpt":{"rendered":"<p>Durante cerim\u00f4nia de apresenta\u00e7\u00e3o do Minha Casa Minha Vida Cidades, nesta quarta-feira (13), em Bras\u00edlia, a governadora Raquel Lyra apresentou&hellip;<\/p>\n","protected":false},"author":1,"featured_media":103685,"comment_status":"closed","ping_status":"open","sticky":false,"template":"","format":"standard","meta":{"footnotes":""},"categories":[14122],"tags":[28803,2,28801,3406,29338],"class_list":["post-103684","post","type-post","status-publish","format-standard","has-post-thumbnail","hentry","category-politica","tag-blog-com-mais-visualizacoes","tag-blog-do-edvaldo-magalhaes","tag-blog-mais-acessado","tag-caruaru","tag-no-lancamento-do-minha-casa-minha-vida-cidades-em-brasilia-governadora-raquel-lyra-destaca-avancos-da-politica-habitacional-em-pernambuco"],"_links":{"self":[{"href":"https:\/\/blogdoedvaldomagalhaes.com.br\/index.php\/wp-json\/wp\/v2\/posts\/103684","targetHints":{"allow":["GET"]}}],"collection":[{"href":"https:\/\/blogdoedvaldomagalhaes.com.br\/index.php\/wp-json\/wp\/v2\/posts"}],"about":[{"href":"https:\/\/blogdoedvaldomagalhaes.com.br\/index.php\/wp-json\/wp\/v2\/types\/post"}],"author":[{"embeddable":true,"href":"https:\/\/blogdoedvaldomagalhaes.com.br\/index.php\/wp-json\/wp\/v2\/users\/1"}],"replies":[{"embeddable":true,"href":"https:\/\/blogdoedvaldomagalhaes.com.br\/index.php\/wp-json\/wp\/v2\/comments?post=103684"}],"version-history":[{"count":1,"href":"https:\/\/blogdoedvaldomagalhaes.com.br\/index.php\/wp-json\/wp\/v2\/posts\/103684\/revisions"}],"predecessor-version":[{"id":103686,"href":"https:\/\/blogdoedvaldomagalhaes.com.br\/index.php\/wp-json\/wp\/v2\/posts\/103684\/revisions\/103686"}],"wp:featuredmedia":[{"embeddable":true,"href":"https:\/\/blogdoedvaldomagalhaes.com.br\/index.php\/wp-json\/wp\/v2\/media\/103685"}],"wp:attachment":[{"href":"https:\/\/blogdoedvaldomagalhaes.com.br\/index.php\/wp-json\/wp\/v2\/media?parent=103684"}],"wp:term":[{"taxonomy":"category","embeddable":true,"href":"https:\/\/blogdoedvaldomagalhaes.com.br\/index.php\/wp-json\/wp\/v2\/categories?post=103684"},{"taxonomy":"post_tag","embeddable":true,"href":"https:\/\/blogdoedvaldomagalhaes.com.br\/index.php\/wp-json\/wp\/v2\/tags?post=103684"}],"curies":[{"name":"wp","href":"https:\/\/api.w.org\/{rel}","templated":true}]}}