{"id":103678,"date":"2023-12-13T11:28:35","date_gmt":"2023-12-13T14:28:35","guid":{"rendered":"https:\/\/blogdoedvaldomagalhaes.com.br\/?p=103678"},"modified":"2023-12-13T11:28:37","modified_gmt":"2023-12-13T14:28:37","slug":"policia-civil-realiza-operacao-paz-em-paudalho-prendendo-homicidas-e-traficantes","status":"publish","type":"post","link":"https:\/\/blogdoedvaldomagalhaes.com.br\/index.php\/2023\/12\/13\/policia-civil-realiza-operacao-paz-em-paudalho-prendendo-homicidas-e-traficantes\/","title":{"rendered":"Pol\u00edcia Civil realiza Opera\u00e7\u00e3o \u201cPaz em Paudalho\u201d, prendendo homicidas e traficantes"},"content":{"rendered":"<p><span style=\"font-size: revert;\">A POL\u00cdCIA CIVIL DE PERNAMBUCO desencadeou, na manh\u00e3 desta quarta-feira (13.12) a Opera\u00e7\u00e3o de Interven\u00e7\u00e3o T\u00e1tica, denominada &#8220;PAZ EM <\/span><span style=\"font-size: revert;\">PAUDALHO&#8221;, vinculada \u00e0 Diretoria Integrada do Interior I \u2013 DINTER I, sob a presid\u00eancia do Delegado Marcos Vinicius Nobre Musial, unidade integrante da <\/span><span style=\"font-size: revert;\">11\u00aa Delegacia Seccional \u2013 Goiana\/PE.<\/span><\/p>\n<p>Trata-se de opera\u00e7\u00e3o que tem por escopo dar cumprimento a 12 (doze) mandados expedidos pela justi\u00e7a de Paudalho-PE, sendo 03 (tr\u00eas) mandados de pris\u00e3o e 09 (nove) mandados de busca e apreens\u00e3o domiciliar de investigados pela pratica dos crimes de Homic\u00eddio e Tr\u00e1fico de Drogas.<\/p>\n<p>As investiga\u00e7\u00f5es iniciaram atrav\u00e9s da For\u00e7a Tarefa Paz do Minist\u00e9rio da Justi\u00e7a, ap\u00f3s coleta de informa\u00e7\u00f5es no sentido de que criminosos com atua\u00e7\u00e3o na cidade de Paudalho estariam praticando diversos crimes decorrentes da pr\u00e1tica do tr\u00e1fico de drogas, quais sejam: roubos, furtos, extors\u00f5es, corrup\u00e7\u00f5es de menores e um alto \u00edndice de homic\u00eddios. A maioria dos homic\u00eddios s\u00e3o motivados por disputa de territ\u00f3rio entre os grupos rivais que comandam as<br \/>\ncomunidades de Primavera e Alto Dois Irm\u00e3os. As a\u00e7\u00f5es investigativas tiveram como alvos os principais respons\u00e1veis pelo gerenciamento das a\u00e7\u00f5es criminosas de ambos os grupos.<\/p>\n<p>Com isso conclu\u00edmos um trabalho investigativo de 4 (quatro) meses que certamente ir\u00e1 comprometer de forma contundente a estrutura do crime organizado com atua\u00e7\u00e3o na cidade de Paudalho-PE e trar\u00e1 respostas a boa parte dos CVLIs que est\u00e3o em investiga\u00e7\u00e3o na cidade.<\/p>\n<p>Foto: Divulga\u00e7\u00e3o.<\/p>\n<p>Siga o Instagram do Blog @blogdoedvaldomagalhaes<\/p>\n","protected":false},"excerpt":{"rendered":"<p>A POL\u00cdCIA CIVIL DE PERNAMBUCO desencadeou, na manh\u00e3 desta quarta-feira (13.12) a Opera\u00e7\u00e3o de Interven\u00e7\u00e3o T\u00e1tica, denominada &#8220;PAZ EM PAUDALHO&#8221;,&hellip;<\/p>\n","protected":false},"author":1,"featured_media":103679,"comment_status":"closed","ping_status":"open","sticky":false,"template":"","format":"standard","meta":{"footnotes":""},"categories":[14121],"tags":[28803,28925,2,3406,29336],"class_list":["post-103678","post","type-post","status-publish","format-standard","has-post-thumbnail","hentry","category-policial","tag-blog-com-mais-visualizacoes","tag-blog-comamos-visualizacoes","tag-blog-do-edvaldo-magalhaes","tag-caruaru","tag-policia-civil-realiza-operacao-paz-em-paudalho-prendendo-homicidas-e-traficantes"],"_links":{"self":[{"href":"https:\/\/blogdoedvaldomagalhaes.com.br\/index.php\/wp-json\/wp\/v2\/posts\/103678","targetHints":{"allow":["GET"]}}],"collection":[{"href":"https:\/\/blogdoedvaldomagalhaes.com.br\/index.php\/wp-json\/wp\/v2\/posts"}],"about":[{"href":"https:\/\/blogdoedvaldomagalhaes.com.br\/index.php\/wp-json\/wp\/v2\/types\/post"}],"author":[{"embeddable":true,"href":"https:\/\/blogdoedvaldomagalhaes.com.br\/index.php\/wp-json\/wp\/v2\/users\/1"}],"replies":[{"embeddable":true,"href":"https:\/\/blogdoedvaldomagalhaes.com.br\/index.php\/wp-json\/wp\/v2\/comments?post=103678"}],"version-history":[{"count":1,"href":"https:\/\/blogdoedvaldomagalhaes.com.br\/index.php\/wp-json\/wp\/v2\/posts\/103678\/revisions"}],"predecessor-version":[{"id":103680,"href":"https:\/\/blogdoedvaldomagalhaes.com.br\/index.php\/wp-json\/wp\/v2\/posts\/103678\/revisions\/103680"}],"wp:featuredmedia":[{"embeddable":true,"href":"https:\/\/blogdoedvaldomagalhaes.com.br\/index.php\/wp-json\/wp\/v2\/media\/103679"}],"wp:attachment":[{"href":"https:\/\/blogdoedvaldomagalhaes.com.br\/index.php\/wp-json\/wp\/v2\/media?parent=103678"}],"wp:term":[{"taxonomy":"category","embeddable":true,"href":"https:\/\/blogdoedvaldomagalhaes.com.br\/index.php\/wp-json\/wp\/v2\/categories?post=103678"},{"taxonomy":"post_tag","embeddable":true,"href":"https:\/\/blogdoedvaldomagalhaes.com.br\/index.php\/wp-json\/wp\/v2\/tags?post=103678"}],"curies":[{"name":"wp","href":"https:\/\/api.w.org\/{rel}","templated":true}]}}