{"id":103675,"date":"2023-12-13T10:59:42","date_gmt":"2023-12-13T13:59:42","guid":{"rendered":"https:\/\/blogdoedvaldomagalhaes.com.br\/?p=103675"},"modified":"2023-12-13T10:59:43","modified_gmt":"2023-12-13T13:59:43","slug":"caruaru-recebe-acao-gratuita-de-vacinacao-antirrabica-e-adocao-responsavel-de-caes-e-gatos-nesta-quarta-13","status":"publish","type":"post","link":"https:\/\/blogdoedvaldomagalhaes.com.br\/index.php\/2023\/12\/13\/caruaru-recebe-acao-gratuita-de-vacinacao-antirrabica-e-adocao-responsavel-de-caes-e-gatos-nesta-quarta-13\/","title":{"rendered":"Caruaru recebe a\u00e7\u00e3o gratuita de vacina\u00e7\u00e3o antirr\u00e1bica e ado\u00e7\u00e3o respons\u00e1vel de c\u00e3es e gatos nesta quarta (13)"},"content":{"rendered":"<p><span style=\"font-size: revert;\">Ser\u00e1 realizada, nesta quarta-feira (13), das 13h \u00e0s 16h, uma a\u00e7\u00e3o social de vacina\u00e7\u00e3o antirr\u00e1bica para c\u00e3es e gatos, al\u00e9m de ado\u00e7\u00e3o respons\u00e1vel de pets. O evento ser\u00e1 totalmente gratuito e acontecer\u00e1 na sede da Escola Brasileira de Profiss\u00f5es (EBP Caruaru), no bairro Nossa Senhora das Dores.<\/span><\/p>\n<p>Para participar bastar levar o c\u00e3o ou gato, cart\u00e3o de vacina do animal (se tiver) e estar com um tutor maior de 18 anos. A vacina ser\u00e1 aplicada pelos professores e alunos do curso de auxiliar de veterin\u00e1rio para animais de pequeno porte da EBP Caruaru.<\/p>\n<p>\u201cA raiva \u00e9 uma doen\u00e7a infecciosa causada por um v\u00edrus que afeta os mam\u00edferos. Uma vez instalada no organismo, a doen\u00e7a atinge, principalmente, o sistema nervoso, causando sintomas como altera\u00e7\u00f5es de comportamento, tendo a agressividade como uma das maiores caracter\u00edsticas. A vacina \u00e9 a principal forma de preven\u00e7\u00e3o da doen\u00e7a\u201d, explica a m\u00e9dica veterin\u00e1ria e respons\u00e1vel T\u00e9cnica do curso de Auxiliar de Veterin\u00e1rio da EBP Caruaru, Suellen Viana.<\/p>\n<p>J\u00e1 para ado\u00e7\u00e3o de c\u00e3es e gatos, as pessoas interessadas devem ser maiores de 18 anos, levar documento com foto e comprovante de resid\u00eancia, al\u00e9m de muito amor e disponibilidade para cuidar do animalzinho com responsabilidade. A a\u00e7\u00e3o de ado\u00e7\u00e3o \u00e9 uma parceria com a Uni\u00e3o em Defesa e Respeito a Vida Animal (Uderva).<\/p>\n<p>A Escola Brasileira de Profiss\u00f5es (EBP) fica localizada na rua Nunes Machado, 270, no bairro Nossa Senhora das Dores.<\/p>\n<p>*Curso de Auxiliar de Veterin\u00e1rio* &#8211; A Escola Brasileira de Profiss\u00f5es (EBP Caruaru) oferece o curso de Auxiliar de Veterin\u00e1rio para pequeno e grande porte e tem carga hor\u00e1ria total de 120 horas\/aula.<\/p>\n<p>O aluno vai aprender sobre anatomia, fisiologia, estrutura \u00f3ssea, muscular, comportamento animal, nutri\u00e7\u00e3o, primeiros socorros, vacina\u00e7\u00e3o, instrumenta\u00e7\u00e3o e aux\u00edlio cir\u00fargico, entre outros.<\/p>\n<p>O auxiliar de veterin\u00e1rio ser\u00e1 como um enfermeiro para o m\u00e9dico, auxiliando nos procedimentos e dando andamento nos cuidados recomendados pelo m\u00e9dico veterin\u00e1rio.<\/p>\n<p>As pessoas interessadas em conhecer mais sobre o curso, podem agendar uma aula teste gratuita diretamente na escola, pelo telefone (81) 3721.6000 ou pelo WhatsApp (81) 98162.9812.<br \/>\nFoto: Divulga\u00e7\u00e3o<\/p>\n<p>Siga o Instagram do Blog @blogdoedvaldomagalhaes<\/p>\n","protected":false},"excerpt":{"rendered":"<p>Ser\u00e1 realizada, nesta quarta-feira (13), das 13h \u00e0s 16h, uma a\u00e7\u00e3o social de vacina\u00e7\u00e3o antirr\u00e1bica para c\u00e3es e gatos, al\u00e9m&hellip;<\/p>\n","protected":false},"author":1,"featured_media":103676,"comment_status":"closed","ping_status":"open","sticky":false,"template":"","format":"standard","meta":{"footnotes":""},"categories":[14120],"tags":[28803,2,28801,3406,29335],"class_list":["post-103675","post","type-post","status-publish","format-standard","has-post-thumbnail","hentry","category-noticias","tag-blog-com-mais-visualizacoes","tag-blog-do-edvaldo-magalhaes","tag-blog-mais-acessado","tag-caruaru","tag-caruaru-recebe-acao-gratuita-de-vacinacao-antirrabica-e-adocao-responsavel-de-caes-e-gatos-nesta-quarta-13"],"_links":{"self":[{"href":"https:\/\/blogdoedvaldomagalhaes.com.br\/index.php\/wp-json\/wp\/v2\/posts\/103675","targetHints":{"allow":["GET"]}}],"collection":[{"href":"https:\/\/blogdoedvaldomagalhaes.com.br\/index.php\/wp-json\/wp\/v2\/posts"}],"about":[{"href":"https:\/\/blogdoedvaldomagalhaes.com.br\/index.php\/wp-json\/wp\/v2\/types\/post"}],"author":[{"embeddable":true,"href":"https:\/\/blogdoedvaldomagalhaes.com.br\/index.php\/wp-json\/wp\/v2\/users\/1"}],"replies":[{"embeddable":true,"href":"https:\/\/blogdoedvaldomagalhaes.com.br\/index.php\/wp-json\/wp\/v2\/comments?post=103675"}],"version-history":[{"count":1,"href":"https:\/\/blogdoedvaldomagalhaes.com.br\/index.php\/wp-json\/wp\/v2\/posts\/103675\/revisions"}],"predecessor-version":[{"id":103677,"href":"https:\/\/blogdoedvaldomagalhaes.com.br\/index.php\/wp-json\/wp\/v2\/posts\/103675\/revisions\/103677"}],"wp:featuredmedia":[{"embeddable":true,"href":"https:\/\/blogdoedvaldomagalhaes.com.br\/index.php\/wp-json\/wp\/v2\/media\/103676"}],"wp:attachment":[{"href":"https:\/\/blogdoedvaldomagalhaes.com.br\/index.php\/wp-json\/wp\/v2\/media?parent=103675"}],"wp:term":[{"taxonomy":"category","embeddable":true,"href":"https:\/\/blogdoedvaldomagalhaes.com.br\/index.php\/wp-json\/wp\/v2\/categories?post=103675"},{"taxonomy":"post_tag","embeddable":true,"href":"https:\/\/blogdoedvaldomagalhaes.com.br\/index.php\/wp-json\/wp\/v2\/tags?post=103675"}],"curies":[{"name":"wp","href":"https:\/\/api.w.org\/{rel}","templated":true}]}}