{"id":103626,"date":"2023-12-11T18:48:56","date_gmt":"2023-12-11T21:48:56","guid":{"rendered":"https:\/\/blogdoedvaldomagalhaes.com.br\/?p=103626"},"modified":"2023-12-11T18:48:57","modified_gmt":"2023-12-11T21:48:57","slug":"agua-do-rio-sao-francisco-chega-a-cidade-de-caruaru-pela-primeira-vez-em-fase-de-testes","status":"publish","type":"post","link":"https:\/\/blogdoedvaldomagalhaes.com.br\/index.php\/2023\/12\/11\/agua-do-rio-sao-francisco-chega-a-cidade-de-caruaru-pela-primeira-vez-em-fase-de-testes\/","title":{"rendered":"\u00c1gua do Rio S\u00e3o Francisco chega \u00e0 cidade de Caruaru pela primeira vez;\u00a0Em fase de testes"},"content":{"rendered":"<p style=\"font-weight: 400;\"><span style=\"font-size: revert;\">Neste domingo, (10), a \u00e1gua transportada pela Adutora do Agreste, do Rio S\u00e3o Francisco, percorreu 51 km da cidade de Belo Jardim at\u00e9 Caruaru e chegou, pela primeira vez, \u00e0 Esta\u00e7\u00e3o de Tratamento de \u00c1gua do Petr\u00f3polis. A chegada da \u00e1gua bruta da Transposi\u00e7\u00e3o do Rio S\u00e3o Francisco foi muito comemorada pelos t\u00e9cnicos da Compesa, mais uma etapa vencida da fase de testes do novo trecho da Adutora do Agreste, que contar\u00e1 com 796 km de extens\u00e3o quando a 1\u00aa Etapa for conclu\u00edda. Nesta fase que est\u00e1 em testes, ser\u00e3o beneficiadas oito cidades do Agreste, entre elas, Caruaru e S\u00e3o Caetano.<\/span><\/p>\n<p style=\"font-weight: 400;\"><span data-removefontsize=\"true\" data-originalcomputedfontsize=\"16\">A partir de agora, para que a \u00e1gua seja tratada e distribu\u00edda \u00e0 popula\u00e7\u00e3o de Caruaru, ser\u00e3o iniciados ajustes operacionais necess\u00e1rios na pr\u00f3pria adutora e tamb\u00e9m na esta\u00e7\u00e3o de tratamento de \u00e1gua. Al\u00e9m das atividades em Caruaru, os t\u00e9cnicos da Compesa prosseguir\u00e3o com os testes que alcan\u00e7am as demais cidades planejadas nesta fase. <\/span><\/p>\n<p style=\"font-weight: 400;\"><span data-removefontsize=\"true\" data-originalcomputedfontsize=\"16\">O novo trecho destinado \u00e0 capta\u00e7\u00e3o de \u00e1gua do Ramal do Agreste, entre os munic\u00edpios de Arcoverde e Pesqueira, vai beneficiar cerca de 650 mil pessoas, de oito cidades \u2013 Pesqueira, Alagoinha, Sanhar\u00f3, Belo Jardim, S\u00e3o Bento do Una, Tacaimb\u00f3, S\u00e3o Caetano e Caruaru. \u201cEstamos intensificando os trabalhos, com equipes montadas em esquema de revezamento, a fim de que o novo trecho entre em opera\u00e7\u00e3o com a maior brevidade poss\u00edvel\u201d, enfatiza o presidente da Compesa, Alex Campos.<\/span><\/p>\n<p style=\"font-weight: 400;\"><span data-removefontsize=\"true\" data-originalcomputedfontsize=\"16\">O presidente tamb\u00e9m destacou a retomada dos investimentos em obras de abastecimento no governo Raquel Lyra, a partir da libera\u00e7\u00e3o de recursos do governo federal e do estado, o que tem permitido a acelera\u00e7\u00e3o dos grandes empreendimentos voltados \u00e0 amplia\u00e7\u00e3o da oferta de \u00e1gua para o Agreste, regi\u00e3o que det\u00e9m o pior balan\u00e7o h\u00eddrico de Pernambuco e do Nordeste. \u201cEsperamos, em breve, fazer a entrega desta etapa da Adutora do Agreste, mas sem perder de vista os testes de outras duas grandes obras que beneficiar\u00e3o o Agreste, falo das adutoras de Serro Azul e do Alto Capibaribe, cujas \u00e1guas come\u00e7am a chegar na casa da popula\u00e7\u00e3o ainda no primeiro semestre de 2024\u201d, complementou Alex Campos.<\/span><\/p>\n<p style=\"font-weight: 400;\"><span data-removefontsize=\"true\" data-originalcomputedfontsize=\"16\">Conclu\u00edda esta fase, em que s\u00e3o beneficiadas oito cidades, as interven\u00e7\u00f5es da Adutora do Agreste continuar\u00e3o at\u00e9 a finaliza\u00e7\u00e3o da 1 \u00aa Etapa, empreendimento que absorver\u00e1 R$ 2 bilh\u00f5es, garantindo 2 mil litros de \u00e1gua por segundo para 23 cidades do Agreste e Sert\u00e3o. \u201cJ\u00e1 atingimos 79% da conclus\u00e3o da obra e estamos a caminho da sua finaliza\u00e7\u00e3o, ap\u00f3s uma d\u00e9cada de execu\u00e7\u00e3o\u201d, finalizou o presidente Alex Campos.<\/span><\/p>\n","protected":false},"excerpt":{"rendered":"<p>Neste domingo, (10), a \u00e1gua transportada pela Adutora do Agreste, do Rio S\u00e3o Francisco, percorreu 51 km da cidade de&hellip;<\/p>\n","protected":false},"author":1,"featured_media":103627,"comment_status":"closed","ping_status":"open","sticky":false,"template":"","format":"standard","meta":{"footnotes":""},"categories":[14120],"tags":[29325,2,28801,3406],"class_list":["post-103626","post","type-post","status-publish","format-standard","has-post-thumbnail","hentry","category-noticias","tag-agua-do-rio-sao-francisco-chega-a-cidade-de-caruaru-pela-primeira-vez-em-fase-de-testes","tag-blog-do-edvaldo-magalhaes","tag-blog-mais-acessado","tag-caruaru"],"_links":{"self":[{"href":"https:\/\/blogdoedvaldomagalhaes.com.br\/index.php\/wp-json\/wp\/v2\/posts\/103626","targetHints":{"allow":["GET"]}}],"collection":[{"href":"https:\/\/blogdoedvaldomagalhaes.com.br\/index.php\/wp-json\/wp\/v2\/posts"}],"about":[{"href":"https:\/\/blogdoedvaldomagalhaes.com.br\/index.php\/wp-json\/wp\/v2\/types\/post"}],"author":[{"embeddable":true,"href":"https:\/\/blogdoedvaldomagalhaes.com.br\/index.php\/wp-json\/wp\/v2\/users\/1"}],"replies":[{"embeddable":true,"href":"https:\/\/blogdoedvaldomagalhaes.com.br\/index.php\/wp-json\/wp\/v2\/comments?post=103626"}],"version-history":[{"count":1,"href":"https:\/\/blogdoedvaldomagalhaes.com.br\/index.php\/wp-json\/wp\/v2\/posts\/103626\/revisions"}],"predecessor-version":[{"id":103628,"href":"https:\/\/blogdoedvaldomagalhaes.com.br\/index.php\/wp-json\/wp\/v2\/posts\/103626\/revisions\/103628"}],"wp:featuredmedia":[{"embeddable":true,"href":"https:\/\/blogdoedvaldomagalhaes.com.br\/index.php\/wp-json\/wp\/v2\/media\/103627"}],"wp:attachment":[{"href":"https:\/\/blogdoedvaldomagalhaes.com.br\/index.php\/wp-json\/wp\/v2\/media?parent=103626"}],"wp:term":[{"taxonomy":"category","embeddable":true,"href":"https:\/\/blogdoedvaldomagalhaes.com.br\/index.php\/wp-json\/wp\/v2\/categories?post=103626"},{"taxonomy":"post_tag","embeddable":true,"href":"https:\/\/blogdoedvaldomagalhaes.com.br\/index.php\/wp-json\/wp\/v2\/tags?post=103626"}],"curies":[{"name":"wp","href":"https:\/\/api.w.org\/{rel}","templated":true}]}}