{"id":103623,"date":"2023-12-11T18:25:31","date_gmt":"2023-12-11T21:25:31","guid":{"rendered":"https:\/\/blogdoedvaldomagalhaes.com.br\/?p=103623"},"modified":"2023-12-11T18:25:32","modified_gmt":"2023-12-11T21:25:32","slug":"anderson-correia-lanca-campanha-de-natal-para-presentear-idosos-da-casa-dos-pobres","status":"publish","type":"post","link":"https:\/\/blogdoedvaldomagalhaes.com.br\/index.php\/2023\/12\/11\/anderson-correia-lanca-campanha-de-natal-para-presentear-idosos-da-casa-dos-pobres\/","title":{"rendered":"Anderson Correia lan\u00e7a campanha de Natal para presentear idosos da Casa dos Pobres"},"content":{"rendered":"<p><span style=\"font-size: revert;\">Pensando em proporcionar um per\u00edodo natalino cheio de afeto e bons momentos para os idosos da Casa dos Pobre S\u00e3o Francisco de Assis, o vereador Anderson Correia (PP) lan\u00e7ou a campanha \u201cPresentei um idoso e ganhe amor\u201d. A iniciativa visa que os seguidores do parlamentar nas redes sociais ou mesmo qualquer pessoa possa presentar os idosos que vivem na institui\u00e7\u00e3o filantr\u00f3pica. O edil esteve visitando o local e colheu o que cada morador da casa deseja ganhar como presente.<\/span><\/p>\n<p>\u201cEssa \u00e9poca aflora mais ainda nossa solidariedade. \u00c9 um per\u00edodo onde todas as fam\u00edlias se presenteiam e precisamos olhar para os mais necessitados tamb\u00e9m, como esses idosos da Casa dos Pobres. Por isso, estamos empenhados em transformar o Natal deles em algo especial, com muito amor e carinho que todos ali merecem. Pedimos que as pessoas se sensibilizem e ajudem, pois eles precisam do nosso afeto e cada presente que chega l\u00e1 \u00e9 uma festa, que estampa sorrisos neles e que gera muito alegria\u201d, destacou Anderson.<\/p>\n<p>As pessoas que querem ajudar podem escolher o presente na lista dos idosos abaixo, e se dirigir para a Casa dos Pobre S\u00e3o Francisco de Assis, que fica localizada na Av. Lourival Jos\u00e9 da Silva, n\u00ba 483, no bairro Petr\u00f3polis \u2013 em frente ao giradouro da feira da sulanca.<\/p>\n<p><strong>Lista dos presentes<\/strong><\/p>\n<p>Maria do Carmo \u201cCarminha &#8211; telefone<br \/>\nSabino \u201cVaqueiro\u201d &#8211; r\u00e1dio<br \/>\nLuzia &#8211; sapatilha<br \/>\nOdete &#8211; pe\u00e7as \u00edntimas<br \/>\nCarlos Pinheiro &#8211; camisa do Sport (tamanho GG)<br \/>\nBernadete &#8211; r\u00e1dio<br \/>\nElias &#8211; rel\u00f3gio<br \/>\nMaria Helena &#8211; rel\u00f3gio<br \/>\nMaria C\u00edcera &#8211; rel\u00f3gio<\/p>\n<p>Siga o Instagram do Blog para comentar @blogdoedvaldomagalhaes<\/p>\n","protected":false},"excerpt":{"rendered":"<p>Pensando em proporcionar um per\u00edodo natalino cheio de afeto e bons momentos para os idosos da Casa dos Pobre S\u00e3o&hellip;<\/p>\n","protected":false},"author":1,"featured_media":103624,"comment_status":"closed","ping_status":"open","sticky":false,"template":"","format":"standard","meta":{"footnotes":""},"categories":[14120],"tags":[29324,28803,2,28801,20295],"class_list":["post-103623","post","type-post","status-publish","format-standard","has-post-thumbnail","hentry","category-noticias","tag-anderson-correia-lanca-campanha-de-natal-para-presentear-idosos-da-casa-dos-pobres","tag-blog-com-mais-visualizacoes","tag-blog-do-edvaldo-magalhaes","tag-blog-mais-acessado","tag-politica-2"],"_links":{"self":[{"href":"https:\/\/blogdoedvaldomagalhaes.com.br\/index.php\/wp-json\/wp\/v2\/posts\/103623","targetHints":{"allow":["GET"]}}],"collection":[{"href":"https:\/\/blogdoedvaldomagalhaes.com.br\/index.php\/wp-json\/wp\/v2\/posts"}],"about":[{"href":"https:\/\/blogdoedvaldomagalhaes.com.br\/index.php\/wp-json\/wp\/v2\/types\/post"}],"author":[{"embeddable":true,"href":"https:\/\/blogdoedvaldomagalhaes.com.br\/index.php\/wp-json\/wp\/v2\/users\/1"}],"replies":[{"embeddable":true,"href":"https:\/\/blogdoedvaldomagalhaes.com.br\/index.php\/wp-json\/wp\/v2\/comments?post=103623"}],"version-history":[{"count":1,"href":"https:\/\/blogdoedvaldomagalhaes.com.br\/index.php\/wp-json\/wp\/v2\/posts\/103623\/revisions"}],"predecessor-version":[{"id":103625,"href":"https:\/\/blogdoedvaldomagalhaes.com.br\/index.php\/wp-json\/wp\/v2\/posts\/103623\/revisions\/103625"}],"wp:featuredmedia":[{"embeddable":true,"href":"https:\/\/blogdoedvaldomagalhaes.com.br\/index.php\/wp-json\/wp\/v2\/media\/103624"}],"wp:attachment":[{"href":"https:\/\/blogdoedvaldomagalhaes.com.br\/index.php\/wp-json\/wp\/v2\/media?parent=103623"}],"wp:term":[{"taxonomy":"category","embeddable":true,"href":"https:\/\/blogdoedvaldomagalhaes.com.br\/index.php\/wp-json\/wp\/v2\/categories?post=103623"},{"taxonomy":"post_tag","embeddable":true,"href":"https:\/\/blogdoedvaldomagalhaes.com.br\/index.php\/wp-json\/wp\/v2\/tags?post=103623"}],"curies":[{"name":"wp","href":"https:\/\/api.w.org\/{rel}","templated":true}]}}