{"id":103620,"date":"2023-12-11T17:34:33","date_gmt":"2023-12-11T20:34:33","guid":{"rendered":"https:\/\/blogdoedvaldomagalhaes.com.br\/?p=103620"},"modified":"2023-12-11T19:37:33","modified_gmt":"2023-12-11T22:37:33","slug":"reeducandos-da-penitenciaria-de-caruaru-participam-de-auloes-para-o-enem-2023","status":"publish","type":"post","link":"https:\/\/blogdoedvaldomagalhaes.com.br\/index.php\/2023\/12\/11\/reeducandos-da-penitenciaria-de-caruaru-participam-de-auloes-para-o-enem-2023\/","title":{"rendered":"Reeducandos da Penitenci\u00e1ria de Caruaru participam de aul\u00f5es para o ENEM 2023"},"content":{"rendered":"<p>Durante uma aconteceu a primeira s\u00e9rie de aul\u00f5es visando o ENEM 2023, na Penitenci\u00e1ria Ju\u00edz Pl\u00e1cido de Souza (PJPS), em Caruaru, atrav\u00e9s de uma parceria com a Escola Greg\u00f3rio Bezerra e a GRE Centro-Norte, com 71 reeducandos inscritos, que iniciaram a prepara\u00e7\u00e3o diferenciada para um dos exames mais importantes do pa\u00eds. Participam profissionais de diversas \u00e1reas e o cronograma de aul\u00f5es da PJPS para o ENEM, que come\u00e7ou na segunda-feira (04.12) e se estendeu at\u00e9 sexta-feira (07.12).<\/p>\n<p>As avalia\u00e7\u00f5es do ENEM PPL ocorrer\u00e3o nestas ter\u00e7a dia 12 e quarta-feira dia 13.12. No ano de 2022 houve 13 aprova\u00e7\u00f5es com notas acima de 450 por disciplina, por\u00e9m, com esses aul\u00f5es a expectativa \u00e9 de que esse n\u00famero de aprova\u00e7\u00f5es aumente no ENEM 2023. Os aul\u00f5es contaram com as seguintes participa\u00e7\u00f5es:<\/p>\n<p>PROFESSORA ELIANE &#8211; L\u00cdNGUA PORTUGUESA<br \/>\nPROFESSOR EDUARDO &#8211; SOCIOLOGIA E FILOSOFIA<br \/>\nPROFESSORA DENNISA &#8211; HIST\u00d3RIA E GEOGRAFIA<br \/>\nPROFESSOR FL\u00c1VIO &#8211; F\u00cdSICA<br \/>\nPROFESSOR AYSLAN &#8211; BIOLOGIA E QU\u00cdMICA<br \/>\nPROFESSOR JOHN -PREPARA\u00c7\u00c3O PSICOL\u00d3GICA<br \/>\nPROFESSOR TIAGO NIGRO &#8211; REDA\u00c7\u00c3O<br \/>\nPROFESSORA KARINA BONFIM &#8211; MATEM\u00c1TICA<\/p>\n<p>O primeiro dia de aul\u00f5es contou com a presen\u00e7a da ju\u00edza Lorena, da 3\u00b0VEP. que esteve acompanhada do Conselho Regional da Comunidade, que ligada a respectiva Vara de Execu\u00e7\u00f5es Penais, que realizaram uma inspe\u00e7\u00e3o na unidade prisional acompanhados do gestor Romero Tim\u00f3teo e toda equipe do setor de seguran\u00e7a. No encerramento dos aul\u00f5es na sexta-feira (08.12), a gestora da GRE Centro-Norte, Ana L\u00facia Barbosa, e equipe estiveram presentes na PJPS.<\/p>\n<p>Siga o Instagram do Blog para comentar @blogdoedvaldomagalhaes<\/p>\n","protected":false},"excerpt":{"rendered":"<p>Durante uma aconteceu a primeira s\u00e9rie de aul\u00f5es visando o ENEM 2023, na Penitenci\u00e1ria Ju\u00edz Pl\u00e1cido de Souza (PJPS), em&hellip;<\/p>\n","protected":false},"author":1,"featured_media":103621,"comment_status":"closed","ping_status":"open","sticky":false,"template":"","format":"standard","meta":{"footnotes":""},"categories":[14120],"tags":[2,28801,3406,29323],"class_list":["post-103620","post","type-post","status-publish","format-standard","has-post-thumbnail","hentry","category-noticias","tag-blog-do-edvaldo-magalhaes","tag-blog-mais-acessado","tag-caruaru","tag-reeducandos-da-penitenciaria-de-caruaru-participam-de-auloes-para-o-enem-2023"],"_links":{"self":[{"href":"https:\/\/blogdoedvaldomagalhaes.com.br\/index.php\/wp-json\/wp\/v2\/posts\/103620","targetHints":{"allow":["GET"]}}],"collection":[{"href":"https:\/\/blogdoedvaldomagalhaes.com.br\/index.php\/wp-json\/wp\/v2\/posts"}],"about":[{"href":"https:\/\/blogdoedvaldomagalhaes.com.br\/index.php\/wp-json\/wp\/v2\/types\/post"}],"author":[{"embeddable":true,"href":"https:\/\/blogdoedvaldomagalhaes.com.br\/index.php\/wp-json\/wp\/v2\/users\/1"}],"replies":[{"embeddable":true,"href":"https:\/\/blogdoedvaldomagalhaes.com.br\/index.php\/wp-json\/wp\/v2\/comments?post=103620"}],"version-history":[{"count":4,"href":"https:\/\/blogdoedvaldomagalhaes.com.br\/index.php\/wp-json\/wp\/v2\/posts\/103620\/revisions"}],"predecessor-version":[{"id":103635,"href":"https:\/\/blogdoedvaldomagalhaes.com.br\/index.php\/wp-json\/wp\/v2\/posts\/103620\/revisions\/103635"}],"wp:featuredmedia":[{"embeddable":true,"href":"https:\/\/blogdoedvaldomagalhaes.com.br\/index.php\/wp-json\/wp\/v2\/media\/103621"}],"wp:attachment":[{"href":"https:\/\/blogdoedvaldomagalhaes.com.br\/index.php\/wp-json\/wp\/v2\/media?parent=103620"}],"wp:term":[{"taxonomy":"category","embeddable":true,"href":"https:\/\/blogdoedvaldomagalhaes.com.br\/index.php\/wp-json\/wp\/v2\/categories?post=103620"},{"taxonomy":"post_tag","embeddable":true,"href":"https:\/\/blogdoedvaldomagalhaes.com.br\/index.php\/wp-json\/wp\/v2\/tags?post=103620"}],"curies":[{"name":"wp","href":"https:\/\/api.w.org\/{rel}","templated":true}]}}