{"id":103617,"date":"2023-12-11T17:14:03","date_gmt":"2023-12-11T20:14:03","guid":{"rendered":"https:\/\/blogdoedvaldomagalhaes.com.br\/?p=103617"},"modified":"2023-12-11T17:14:04","modified_gmt":"2023-12-11T20:14:04","slug":"vereador-jorge-quintino-fara-lancamento-do-seu-livro-nesta-quarta-feira-e-convida-populacao","status":"publish","type":"post","link":"https:\/\/blogdoedvaldomagalhaes.com.br\/index.php\/2023\/12\/11\/vereador-jorge-quintino-fara-lancamento-do-seu-livro-nesta-quarta-feira-e-convida-populacao\/","title":{"rendered":"Vereador Jorge Quintino far\u00e1 lan\u00e7amento do seu livro nesta quarta-feira e convida popula\u00e7\u00e3o"},"content":{"rendered":"<p><span style=\"font-size: revert;\">O vereador Jorge Quintino tem a honra de convidar a comunidade para o lan\u00e7amento do seu aguardado livro &#8220;Caruaru: A Cidade que nos Habita&#8221;, que ocorrer\u00e1 na quarta-feira, dia 13. Este evento especial ser\u00e1 marcado n\u00e3o apenas pela celebra\u00e7\u00e3o cultural, mas tamb\u00e9m pelo reconhecimento da colabora\u00e7\u00e3o do professor Edwar Castelo Branco, que coescreveu esta obra significativa.<\/span><\/p>\n<p>&#8220;Caruaru: A Cidade que nos Habita&#8221; \u00e9 o resultado da parceria entre o vereador Jorge Quintino e o professor Edwar Castelo Branco, uma uni\u00e3o de esfor\u00e7os para explorar e compartilhar as nuances da hist\u00f3ria, tradi\u00e7\u00f5es e pessoas que moldam a identidade \u00fanica de Caruaru. O lan\u00e7amento acontecer\u00e1 \u00e0s 19h30 no Sal\u00e3o Nobre da C\u00e2mara Dos Vereadores, e a presen\u00e7a da popula\u00e7\u00e3o \u00e9 fundamental para tornar este momento ainda mais especial. O vereador Jorge Quintino e o professor Edwar Castelo Branco esperam proporcionar \u00e0 comunidade uma oportunidade \u00fanica de se conectar com a rica heran\u00e7a cultural de Caruaru.<\/p>\n<p>Al\u00e9m da oportunidade de adquirir uma c\u00f3pia autografada do livro, o evento oferecer\u00e1 um espa\u00e7o para intera\u00e7\u00e3o, conversas informais e a chance de conhecer mais de perto o autor. Jornalistas, moradores e amantes da cultura local s\u00e3o convidados a participar e ajudar a espalhar a mensagem deste trabalho que busca enaltecer Caruaru e sua vibrante comunidade. Este livro \u00e9 um convite para todos que desejam conhecer mais profundamente a cidade que chamamos de lar. Foto: Divulga\u00e7\u00e3o<\/p>\n<p>Siga o Instagram do \u00a0Blog para comentar @blogdoedvaldomagalhaes<\/p>\n","protected":false},"excerpt":{"rendered":"<p>O vereador Jorge Quintino tem a honra de convidar a comunidade para o lan\u00e7amento do seu aguardado livro &#8220;Caruaru: A&hellip;<\/p>\n","protected":false},"author":1,"featured_media":103618,"comment_status":"closed","ping_status":"open","sticky":false,"template":"","format":"standard","meta":{"footnotes":""},"categories":[14120],"tags":[28803,2,28801,3406,20295,29322],"class_list":["post-103617","post","type-post","status-publish","format-standard","has-post-thumbnail","hentry","category-noticias","tag-blog-com-mais-visualizacoes","tag-blog-do-edvaldo-magalhaes","tag-blog-mais-acessado","tag-caruaru","tag-politica-2","tag-vereador-jorge-quintino-fara-lancamento-do-seu-livro-nesta-quarta-feira-e-convida-populacao"],"_links":{"self":[{"href":"https:\/\/blogdoedvaldomagalhaes.com.br\/index.php\/wp-json\/wp\/v2\/posts\/103617","targetHints":{"allow":["GET"]}}],"collection":[{"href":"https:\/\/blogdoedvaldomagalhaes.com.br\/index.php\/wp-json\/wp\/v2\/posts"}],"about":[{"href":"https:\/\/blogdoedvaldomagalhaes.com.br\/index.php\/wp-json\/wp\/v2\/types\/post"}],"author":[{"embeddable":true,"href":"https:\/\/blogdoedvaldomagalhaes.com.br\/index.php\/wp-json\/wp\/v2\/users\/1"}],"replies":[{"embeddable":true,"href":"https:\/\/blogdoedvaldomagalhaes.com.br\/index.php\/wp-json\/wp\/v2\/comments?post=103617"}],"version-history":[{"count":1,"href":"https:\/\/blogdoedvaldomagalhaes.com.br\/index.php\/wp-json\/wp\/v2\/posts\/103617\/revisions"}],"predecessor-version":[{"id":103619,"href":"https:\/\/blogdoedvaldomagalhaes.com.br\/index.php\/wp-json\/wp\/v2\/posts\/103617\/revisions\/103619"}],"wp:featuredmedia":[{"embeddable":true,"href":"https:\/\/blogdoedvaldomagalhaes.com.br\/index.php\/wp-json\/wp\/v2\/media\/103618"}],"wp:attachment":[{"href":"https:\/\/blogdoedvaldomagalhaes.com.br\/index.php\/wp-json\/wp\/v2\/media?parent=103617"}],"wp:term":[{"taxonomy":"category","embeddable":true,"href":"https:\/\/blogdoedvaldomagalhaes.com.br\/index.php\/wp-json\/wp\/v2\/categories?post=103617"},{"taxonomy":"post_tag","embeddable":true,"href":"https:\/\/blogdoedvaldomagalhaes.com.br\/index.php\/wp-json\/wp\/v2\/tags?post=103617"}],"curies":[{"name":"wp","href":"https:\/\/api.w.org\/{rel}","templated":true}]}}