{"id":103613,"date":"2023-12-11T10:38:19","date_gmt":"2023-12-11T13:38:19","guid":{"rendered":"https:\/\/blogdoedvaldomagalhaes.com.br\/?p=103613"},"modified":"2023-12-11T10:38:20","modified_gmt":"2023-12-11T13:38:20","slug":"nelson-diniz-entrega-trator-a-agricultores-do-sitio-carneirinho","status":"publish","type":"post","link":"https:\/\/blogdoedvaldomagalhaes.com.br\/index.php\/2023\/12\/11\/nelson-diniz-entrega-trator-a-agricultores-do-sitio-carneirinho\/","title":{"rendered":"Nelson Diniz entrega trator a agricultores\u00a0do\u00a0S\u00edtio Carneirinho"},"content":{"rendered":"<p class=\"s2\"><span class=\"s4\" style=\"font-size: revert;\"><span class=\"bumpedFont15\">Na noite da \u00faltima quinta-feira (07), o vereador Nelson Diniz (C<\/span><\/span><span class=\"s4\" style=\"font-size: revert;\"><span class=\"bumpedFont15\">ID<\/span><\/span><span class=\"s4\" style=\"font-size: revert;\"><span class=\"bumpedFont15\">), entregou um trator, <\/span><\/span><span class=\"s4\" style=\"font-size: revert;\"><span class=\"bumpedFont15\">adquirido <\/span><\/span><span class=\"s4\" style=\"font-size: revert;\"><span class=\"bumpedFont15\">atrav\u00e9s<\/span><\/span><span class=\"s4\" style=\"font-size: revert;\"><span class=\"bumpedFont15\"> de emenda parlamentar destinada <\/span><\/span><span class=\"s4\" style=\"font-size: revert;\"><span class=\"bumpedFont15\">pelo <\/span><\/span><span class=\"s4\" style=\"font-size: revert;\"><span class=\"bumpedFont15\">ex<\/span><\/span><span class=\"s4\" style=\"font-size: revert;\"><span class=\"bumpedFont15\"> deputado federal Daniel Coelho<\/span><\/span><span class=\"s4\" style=\"font-size: revert;\"><span class=\"bumpedFont15\">, em <\/span><\/span><span class=\"s4\" style=\"font-size: revert;\"><span class=\"bumpedFont15\">202<\/span><\/span><span class=\"s4\" style=\"font-size: revert;\"><span class=\"bumpedFont15\">1<\/span><\/span><span class=\"s4\" style=\"font-size: revert;\"><span class=\"bumpedFont15\">, <\/span><\/span><span class=\"s5\" style=\"font-size: revert;\"><span class=\"bumpedFont15\">por meio da<\/span><\/span><span class=\"s5\" style=\"font-size: revert;\"><span class=\"bumpedFont15\"> Companhia de Desenvolvimento dos Vales do S\u00e3o Francisco e do Parna\u00edba (<\/span><\/span><span class=\"s5\" style=\"font-size: revert;\"><span class=\"bumpedFont15\">Codevasf<\/span><\/span><span class=\"s5\" style=\"font-size: revert;\"><span class=\"bumpedFont15\">)<\/span><\/span><span class=\"s5\" style=\"font-size: revert;\"><span class=\"bumpedFont15\">, <\/span><\/span><span class=\"s5\" style=\"font-size: revert;\"><span class=\"bumpedFont15\">beneficiando<\/span><\/span><a style=\"font-size: revert;\" name=\"_GoBack\"><\/a><span class=\"s5\" style=\"font-size: revert;\"><span class=\"bumpedFont15\"> a<\/span><\/span> <span class=\"s4\" style=\"font-size: revert;\"><span class=\"bumpedFont15\">Associa\u00e7\u00e3o do S\u00edtio Carneirinho, <\/span><\/span><span class=\"s4\" style=\"font-size: revert;\"><span class=\"bumpedFont15\">que fica no 2\u00ba distrito de Caruaru. O recurso, no valor de aproximadamente R$ 400 mil reais, tamb\u00e9m ir\u00e1 <\/span><\/span><span class=\"s4\" style=\"font-size: revert;\"><span class=\"bumpedFont15\">contemplar<\/span><\/span><span class=\"s4\" style=\"font-size: revert;\"><span class=\"bumpedFont15\"> cerca de 15 comunidades rurais adjacentes<\/span><\/span><span class=\"s4\" style=\"font-size: revert;\"><span class=\"bumpedFont15\">.<\/span><\/span><\/p>\n<p class=\"s6\"><span class=\"s4\"><span class=\"bumpedFont15\">&#8220;<\/span><\/span><span class=\"s4\"><span class=\"bumpedFont15\">Mesmo n\u00e3o<\/span><\/span><span class=\"s4\"><span class=\"bumpedFont15\"> podendo est<\/span><\/span><span class=\"s4\"><span class=\"bumpedFont15\">ar<\/span><\/span><span class=\"s4\"><span class=\"bumpedFont15\"> presente,<\/span><\/span> <span class=\"s4\"><span class=\"bumpedFont15\">por <\/span><\/span><span class=\"s4\"><span class=\"bumpedFont15\">motivos<\/span><\/span><span class=\"s4\"><span class=\"bumpedFont15\"> profissionais, <\/span><\/span><span class=\"s4\"><span class=\"bumpedFont15\">n\u00e3o poderia deixar de<\/span><\/span><span class=\"s4\"><span class=\"bumpedFont15\">cumprir esse compromisso<\/span><\/span><span class=\"s4\"><span class=\"bumpedFont15\"> com a comunidade rural de Caruaru e com o vereador Nelson Diniz<\/span><\/span><span class=\"s4\"><span class=\"bumpedFont15\">&#8220;, destacou <\/span><\/span><span class=\"s4\"><span class=\"bumpedFont15\">Daniel Coelho. <\/span><\/span><\/p>\n<p class=\"s6\"><span class=\"s4\"><span class=\"bumpedFont15\">Durante a entrega, <\/span><\/span><span class=\"s4\"><span class=\"bumpedFont15\">o vereador Nelson Diniz<\/span><\/span><span class=\"s4\"><span class=\"bumpedFont15\">firmou o compromisso de <\/span><\/span><span class=\"s4\"><span class=\"bumpedFont15\">continuar lutando pelo desenvolvimento rural da cidade, atrav\u00e9s de proposi\u00e7\u00f5es e alinhamentos importantes com o executivo para garantir qualidade de vida para os trabalhadores do campo. \u201cTenho muita considera\u00e7\u00e3o e aten\u00e7\u00e3o as necessidades dos pequenos agricultores, dos trabalhadores do campo, \u00e9 gra\u00e7as ao empenho da categoria, que muitos alimentos chegam \u00e0 mesa das fam\u00edlias, al\u00e9m de ser um meio de sobreviv\u00eancia para tantos. E<\/span><\/span><span class=\"s4\"><span class=\"bumpedFont15\">stou satisfeito<\/span><\/span><span class=\"s4\"><span class=\"bumpedFont15\">,<\/span><\/span><span class=\"s4\"><span class=\"bumpedFont15\"> por poder encerrar o ano,<\/span><\/span><span class=\"s4\"><span class=\"bumpedFont15\"> com o sentimento de dever cumprido, por saber que essa m\u00e1quina vai fortalecer o trabalho<\/span><\/span><span class=\"s4\"><span class=\"bumpedFont15\"> do homem do campo<\/span><\/span><span class=\"s4\"><span class=\"bumpedFont15\"> e garantir comida na mesa de muita gente. <\/span><\/span><span class=\"s4\"><span class=\"bumpedFont15\">Vamos continua<\/span><\/span><span class=\"s4\"><span class=\"bumpedFont15\">r<\/span><\/span><span class=\"s4\"><span class=\"bumpedFont15\"> trabalhando pelo desenvolvimento do setor e pelo bem estar da popula\u00e7\u00e3o\u201d, enfatizou o parlamentar. <\/span><\/span><\/p>\n<p class=\"s6\"><span class=\"s4\"><span class=\"bumpedFont15\">O trator entregue \u00e0 comunidade chega para auxiliar diretamente mais de 50<\/span><\/span><span class=\"s4\"><span class=\"bumpedFont15\">0<\/span><\/span><span class=\"s4\"><span class=\"bumpedFont15\"> fam\u00edlias que trabalham com a agricu<\/span><\/span><span class=\"s4\"><span class=\"bumpedFont15\">ltura familiar na zona rural de<\/span><\/span> <span class=\"s4\"><span class=\"bumpedFont15\">Caruaru<\/span><\/span><span class=\"s4\"><span class=\"bumpedFont15\">.<\/span><\/span> <span class=\"s4\"><span class=\"bumpedFont15\">Participaram da entrega, <\/span><\/span><span class=\"s4\"><span class=\"bumpedFont15\">o Vereador Nelson Diniz, a <\/span><\/span><span class=\"s4\"><span class=\"bumpedFont15\">p<\/span><\/span><span class=\"s4\"><span class=\"bumpedFont15\">residente da As<\/span><\/span><span class=\"s4\"><span class=\"bumpedFont15\">socia\u00e7\u00e3o do S\u00ed<\/span><\/span><span class=\"s4\"><span class=\"bumpedFont15\">tio Carneirinho, <\/span><\/span><span class=\"s4\"><span class=\"bumpedFont15\">Maria <\/span><\/span><span class=\"s4\"><span class=\"bumpedFont15\">R<\/span><\/span><span class=\"s4\"><span class=\"bumpedFont15\">izonia<\/span><\/span><span class=\"s4\"><span class=\"bumpedFont15\"> Alves<\/span><\/span><span class=\"s4\"><span class=\"bumpedFont15\">, conhecida por Bibi,<\/span><\/span><span class=\"s4\"><span class=\"bumpedFont15\"> o vice presidente Ant\u00f4nio Alves,<\/span><\/span> <span class=\"s4\"><span class=\"bumpedFont15\">membros da associa\u00e7\u00e3o<\/span><\/span><span class=\"s4\"><span class=\"bumpedFont15\">, lideran\u00e7as comunit\u00e1rias de v\u00e1rias regi\u00f5es do 2\u00ba distrito<\/span><\/span><span class=\"s4\"><span class=\"bumpedFont15\"> e <\/span><\/span><span class=\"s4\"><span class=\"bumpedFont15\">comunidade <\/span><\/span><span class=\"s4\"><span class=\"bumpedFont15\">loca<\/span><\/span><span class=\"s4\"><span class=\"bumpedFont15\">l<\/span><\/span><span class=\"s4\"><span class=\"bumpedFont15\">. \u00a0Foto: Divulga\u00e7\u00e3o\u00a0<\/span><\/span><\/p>\n<p>Siga o Instagram do Blog para comentar @blogdoedvaldomagalhaes<\/p>\n<p class=\"s7\">\n","protected":false},"excerpt":{"rendered":"<p>Na noite da \u00faltima quinta-feira (07), o vereador Nelson Diniz (CID), entregou um trator, adquirido atrav\u00e9s de emenda parlamentar destinada&hellip;<\/p>\n","protected":false},"author":1,"featured_media":103607,"comment_status":"closed","ping_status":"open","sticky":false,"template":"","format":"standard","meta":{"footnotes":""},"categories":[14122],"tags":[28803,2,28801,3406,29320,20295],"class_list":["post-103613","post","type-post","status-publish","format-standard","has-post-thumbnail","hentry","category-politica","tag-blog-com-mais-visualizacoes","tag-blog-do-edvaldo-magalhaes","tag-blog-mais-acessado","tag-caruaru","tag-nelson-diniz-entrega-trator-a-agricultores-do-sitio-carneirinho","tag-politica-2"],"_links":{"self":[{"href":"https:\/\/blogdoedvaldomagalhaes.com.br\/index.php\/wp-json\/wp\/v2\/posts\/103613","targetHints":{"allow":["GET"]}}],"collection":[{"href":"https:\/\/blogdoedvaldomagalhaes.com.br\/index.php\/wp-json\/wp\/v2\/posts"}],"about":[{"href":"https:\/\/blogdoedvaldomagalhaes.com.br\/index.php\/wp-json\/wp\/v2\/types\/post"}],"author":[{"embeddable":true,"href":"https:\/\/blogdoedvaldomagalhaes.com.br\/index.php\/wp-json\/wp\/v2\/users\/1"}],"replies":[{"embeddable":true,"href":"https:\/\/blogdoedvaldomagalhaes.com.br\/index.php\/wp-json\/wp\/v2\/comments?post=103613"}],"version-history":[{"count":1,"href":"https:\/\/blogdoedvaldomagalhaes.com.br\/index.php\/wp-json\/wp\/v2\/posts\/103613\/revisions"}],"predecessor-version":[{"id":103614,"href":"https:\/\/blogdoedvaldomagalhaes.com.br\/index.php\/wp-json\/wp\/v2\/posts\/103613\/revisions\/103614"}],"wp:featuredmedia":[{"embeddable":true,"href":"https:\/\/blogdoedvaldomagalhaes.com.br\/index.php\/wp-json\/wp\/v2\/media\/103607"}],"wp:attachment":[{"href":"https:\/\/blogdoedvaldomagalhaes.com.br\/index.php\/wp-json\/wp\/v2\/media?parent=103613"}],"wp:term":[{"taxonomy":"category","embeddable":true,"href":"https:\/\/blogdoedvaldomagalhaes.com.br\/index.php\/wp-json\/wp\/v2\/categories?post=103613"},{"taxonomy":"post_tag","embeddable":true,"href":"https:\/\/blogdoedvaldomagalhaes.com.br\/index.php\/wp-json\/wp\/v2\/tags?post=103613"}],"curies":[{"name":"wp","href":"https:\/\/api.w.org\/{rel}","templated":true}]}}