{"id":1036,"date":"2018-10-09T21:43:00","date_gmt":"2018-10-10T00:43:00","guid":{"rendered":"http:\/\/blogdoedvaldomagalhaes.com.br\/index.php\/2018\/10\/09\/acusado-de-se-masturbar-em-via-publica\/"},"modified":"2019-02-09T02:34:44","modified_gmt":"2019-02-09T04:34:44","slug":"acusado-de-se-masturbar-em-via-publica","status":"publish","type":"post","link":"https:\/\/blogdoedvaldomagalhaes.com.br\/index.php\/2018\/10\/09\/acusado-de-se-masturbar-em-via-publica\/","title":{"rendered":"Acusado de se masturbar em via p\u00fablica \u00e9 detido em Caruaru"},"content":{"rendered":"<div class=\"separator\" style=\"clear: both; text-align: center;\">\n<a href=\"https:\/\/3.bp.blogspot.com\/-uhz54Popsac\/W70ggRXyS2I\/AAAAAAAA7jE\/m4nFLm8fSysbNsT0U1mkhq-y5c3mOrX_ACLcBGAs\/s1600\/ele.jpg\" imageanchor=\"1\" style=\"margin-left: 1em; margin-right: 1em;\"><img loading=\"lazy\" decoding=\"async\" border=\"0\" data-original-height=\"262\" data-original-width=\"300\" height=\"558\" src=\"http:\/\/blogdoedvaldomagalhaes.com.br\/wp-content\/uploads\/2018\/10\/ele.jpg\" width=\"640\" \/><\/a><\/div>\n<p><\/p>\n<div style=\"background-color: white; box-sizing: border-box; line-height: 24px; margin-bottom: 10px; text-align: justify;\">\nLuciano Marques da Silva, de 48 anos, residente em S\u00e3o Caitano, foi detido na tarde desta ter\u00e7a-feira (09), em Caruaru, ao ser flagrado se masturbando em via p\u00fablica. O caso ocorreu na Esta\u00e7\u00e3o Ferrovi\u00e1ria, centro da cidade.<\/div>\n<div style=\"background-color: white; box-sizing: border-box; line-height: 24px; margin-bottom: 10px; text-align: justify;\">\nDe acordo com a Pol\u00edcia Militar, algumas mulheres estavam no local. O homem foi imobilizado at\u00e9 a chegada dos policiais, que o levaram para a Delegacia de Plant\u00e3o. Ele \u00e9 de S\u00e3o Caetano e tem problemas mentais.<\/p>\n<p>Informa\u00e7\u00f5es da R\u00e1dio Liberdade.<\/p><\/div>\n<div style=\"background-color: white; box-sizing: border-box; line-height: 24px; margin-bottom: 10px; text-align: justify;\">\n<\/div>\n","protected":false},"excerpt":{"rendered":"<p>Luciano Marques da Silva, de 48 anos, residente em S\u00e3o Caitano, foi detido na tarde desta ter\u00e7a-feira (09), em Caruaru,&hellip;<\/p>\n","protected":false},"author":1,"featured_media":0,"comment_status":"open","ping_status":"open","sticky":false,"template":"","format":"standard","meta":{"footnotes":""},"categories":[1],"tags":[971,2,13],"class_list":["post-1036","post","type-post","status-publish","format-standard","hentry","category-sem-categoria","tag-acusado-de-se-masturbar-em-via-publica-e-detido-em-caruaru","tag-blog-do-edvaldo-magalhaes","tag-policial"],"_links":{"self":[{"href":"https:\/\/blogdoedvaldomagalhaes.com.br\/index.php\/wp-json\/wp\/v2\/posts\/1036","targetHints":{"allow":["GET"]}}],"collection":[{"href":"https:\/\/blogdoedvaldomagalhaes.com.br\/index.php\/wp-json\/wp\/v2\/posts"}],"about":[{"href":"https:\/\/blogdoedvaldomagalhaes.com.br\/index.php\/wp-json\/wp\/v2\/types\/post"}],"author":[{"embeddable":true,"href":"https:\/\/blogdoedvaldomagalhaes.com.br\/index.php\/wp-json\/wp\/v2\/users\/1"}],"replies":[{"embeddable":true,"href":"https:\/\/blogdoedvaldomagalhaes.com.br\/index.php\/wp-json\/wp\/v2\/comments?post=1036"}],"version-history":[{"count":1,"href":"https:\/\/blogdoedvaldomagalhaes.com.br\/index.php\/wp-json\/wp\/v2\/posts\/1036\/revisions"}],"predecessor-version":[{"id":34830,"href":"https:\/\/blogdoedvaldomagalhaes.com.br\/index.php\/wp-json\/wp\/v2\/posts\/1036\/revisions\/34830"}],"wp:attachment":[{"href":"https:\/\/blogdoedvaldomagalhaes.com.br\/index.php\/wp-json\/wp\/v2\/media?parent=1036"}],"wp:term":[{"taxonomy":"category","embeddable":true,"href":"https:\/\/blogdoedvaldomagalhaes.com.br\/index.php\/wp-json\/wp\/v2\/categories?post=1036"},{"taxonomy":"post_tag","embeddable":true,"href":"https:\/\/blogdoedvaldomagalhaes.com.br\/index.php\/wp-json\/wp\/v2\/tags?post=1036"}],"curies":[{"name":"wp","href":"https:\/\/api.w.org\/{rel}","templated":true}]}}