{"id":103466,"date":"2023-12-05T15:45:18","date_gmt":"2023-12-05T18:45:18","guid":{"rendered":"https:\/\/blogdoedvaldomagalhaes.com.br\/?p=103466"},"modified":"2023-12-05T15:45:19","modified_gmt":"2023-12-05T18:45:19","slug":"luz-de-caruaru-ilumina-a-cidade-novo-aplicativo-facilita-relatos-de-problemas-de-iluminacao-em-tempo-real","status":"publish","type":"post","link":"https:\/\/blogdoedvaldomagalhaes.com.br\/index.php\/2023\/12\/05\/luz-de-caruaru-ilumina-a-cidade-novo-aplicativo-facilita-relatos-de-problemas-de-iluminacao-em-tempo-real\/","title":{"rendered":"LUZ DE CARUARU ilumina a cidade: novo aplicativo facilita relatos de problemas de ilumina\u00e7\u00e3o em tempo real"},"content":{"rendered":"<p><span style=\"font-size: revert;\">A Secretaria de Servi\u00e7os P\u00fablicos e Sustentabilidade (SESP), anuncia o lan\u00e7amento do aplicativo &#8220;LUZ DE CARUARU&#8221;. Esta inova\u00e7\u00e3o permite que os caruaruenses, tanto da cidade quanto da zona rural, relatem quest\u00f5es de ilumina\u00e7\u00e3o de maneira eficiente e imediata.<\/span><\/p>\n<p>_&#8221;O &#8216;LUZ DE CARUARU&#8217; \u00e9 uma ferramenta crucial para a participa\u00e7\u00e3o ativa da comunidade na manuten\u00e7\u00e3o da ilumina\u00e7\u00e3o p\u00fablica. Estamos comprometidos em tornar Caruaru uma cidade cada vez mais luminosa e segura, e este aplicativo \u00e9 um passo significativo nessa dire\u00e7\u00e3o\u201d, afirmou o secret\u00e1rio da SESP, Manoel \u00c1vila._<\/p>\n<p>Dispon\u00edvel para download nas principais lojas de aplicativos, o app possibilita relatos sobre problemas como vandalismo, l\u00e2mpada apagada, l\u00e2mpada acesa durante o dia, l\u00e2mpada oscilando e trecho apagado. Os usu\u00e1rios podem incluir observa\u00e7\u00f5es e enviar fotos detalhadas, promovendo uma comunica\u00e7\u00e3o eficaz sobre o problema.<\/p>\n<p>O cons\u00f3rcio Luz de Caruaru, composto pelas empresas Enel-x, Selt e Mobit, estar\u00e1 \u00e0 disposi\u00e7\u00e3o para responder instantaneamente \u00e0s solicita\u00e7\u00f5es recebidas, assegurando uma manuten\u00e7\u00e3o \u00e1gil da ilumina\u00e7\u00e3o p\u00fablica.<\/p>\n<p>Al\u00e9m disso, o aplicativo oferece a funcionalidade de acompanhar o status da solicita\u00e7\u00e3o, proporcionando transpar\u00eancia e informa\u00e7\u00f5es cruciais para a popula\u00e7\u00e3o local.<\/p>\n<p>O download do &#8220;LUZ DE CARUARU&#8221; \u00e9 gratuito e seguro e est\u00e1 dispon\u00edvel tanto na vers\u00e3o Android como iOS, permitindo assim que a Capital do Agreste esteja cada vez mais iluminada, com relatos r\u00e1pidos e eficazes.<\/p>\n<p>Siga o Instagram do Blog para comentar @blogdoedvaldomagalhaes<\/p>\n<p>Se inscreva no canal do Blog no YouTube<\/p>\n","protected":false},"excerpt":{"rendered":"<p>A Secretaria de Servi\u00e7os P\u00fablicos e Sustentabilidade (SESP), anuncia o lan\u00e7amento do aplicativo &#8220;LUZ DE CARUARU&#8221;. Esta inova\u00e7\u00e3o permite que&hellip;<\/p>\n","protected":false},"author":1,"featured_media":103467,"comment_status":"closed","ping_status":"open","sticky":false,"template":"","format":"standard","meta":{"footnotes":""},"categories":[14120],"tags":[28803,2,28801,3406,29280],"class_list":["post-103466","post","type-post","status-publish","format-standard","has-post-thumbnail","hentry","category-noticias","tag-blog-com-mais-visualizacoes","tag-blog-do-edvaldo-magalhaes","tag-blog-mais-acessado","tag-caruaru","tag-luz-de-caruaru-ilumina-a-cidade-novo-aplicativo-facilita-relatos-de-problemas-de-iluminacao-em-tempo-real"],"_links":{"self":[{"href":"https:\/\/blogdoedvaldomagalhaes.com.br\/index.php\/wp-json\/wp\/v2\/posts\/103466","targetHints":{"allow":["GET"]}}],"collection":[{"href":"https:\/\/blogdoedvaldomagalhaes.com.br\/index.php\/wp-json\/wp\/v2\/posts"}],"about":[{"href":"https:\/\/blogdoedvaldomagalhaes.com.br\/index.php\/wp-json\/wp\/v2\/types\/post"}],"author":[{"embeddable":true,"href":"https:\/\/blogdoedvaldomagalhaes.com.br\/index.php\/wp-json\/wp\/v2\/users\/1"}],"replies":[{"embeddable":true,"href":"https:\/\/blogdoedvaldomagalhaes.com.br\/index.php\/wp-json\/wp\/v2\/comments?post=103466"}],"version-history":[{"count":1,"href":"https:\/\/blogdoedvaldomagalhaes.com.br\/index.php\/wp-json\/wp\/v2\/posts\/103466\/revisions"}],"predecessor-version":[{"id":103468,"href":"https:\/\/blogdoedvaldomagalhaes.com.br\/index.php\/wp-json\/wp\/v2\/posts\/103466\/revisions\/103468"}],"wp:featuredmedia":[{"embeddable":true,"href":"https:\/\/blogdoedvaldomagalhaes.com.br\/index.php\/wp-json\/wp\/v2\/media\/103467"}],"wp:attachment":[{"href":"https:\/\/blogdoedvaldomagalhaes.com.br\/index.php\/wp-json\/wp\/v2\/media?parent=103466"}],"wp:term":[{"taxonomy":"category","embeddable":true,"href":"https:\/\/blogdoedvaldomagalhaes.com.br\/index.php\/wp-json\/wp\/v2\/categories?post=103466"},{"taxonomy":"post_tag","embeddable":true,"href":"https:\/\/blogdoedvaldomagalhaes.com.br\/index.php\/wp-json\/wp\/v2\/tags?post=103466"}],"curies":[{"name":"wp","href":"https:\/\/api.w.org\/{rel}","templated":true}]}}