{"id":103458,"date":"2023-12-05T15:30:32","date_gmt":"2023-12-05T18:30:32","guid":{"rendered":"https:\/\/blogdoedvaldomagalhaes.com.br\/?p=103458"},"modified":"2023-12-05T15:30:33","modified_gmt":"2023-12-05T18:30:33","slug":"feira-de-natal-da-mulher-empreendedora-na-estacao-ferroviaria-com-artesanato-pecas-decorativas-e-alimentos","status":"publish","type":"post","link":"https:\/\/blogdoedvaldomagalhaes.com.br\/index.php\/2023\/12\/05\/feira-de-natal-da-mulher-empreendedora-na-estacao-ferroviaria-com-artesanato-pecas-decorativas-e-alimentos\/","title":{"rendered":"Feira de Natal da Mulher Empreendedora na Esta\u00e7\u00e3o Ferrovi\u00e1ria com artesanato, pe\u00e7as decorativas e alimentos"},"content":{"rendered":"<p><span style=\"font-size: revert;\">Com o intuito de fomentar o empreendedorismo feminino da cidade, proporcionando visibilidade e oportunidades de vendas para mulheres integrantes do Programa Mulheres Empreendedoras, a Prefeitura de Caruaru, por meio da Secretaria de Pol\u00edticas para Mulheres, com o apoio da Funda\u00e7\u00e3o de Cultura, realiza at\u00e9 o dia 22 deste m\u00eas, exceto nas segundas-feiras, das 17h \u00e0s 22h, na Esta\u00e7\u00e3o Ferrovi\u00e1ria, a Feira de Natal da Mulher Empreendedora.<\/span><\/p>\n<p>A Feira conta com um total de oito barracas tem\u00e1ticas, nas quais as empreendedoras oferecem e comercializam suas cria\u00e7\u00f5es, desde artesanato e produtos culin\u00e1rios at\u00e9 pe\u00e7as de decora\u00e7\u00e3o festiva.<\/p>\n<p>A Feira de Natal tem como objetivo principal proporcionar um espa\u00e7o para que as mulheres empreendedoras da regi\u00e3o apresentem seus produtos, fortalecendo seus neg\u00f3cios e promovendo a autonomia econ\u00f4mica. Buscamos, assim, criar oportunidades para a gera\u00e7\u00e3o de renda e o desenvolvimento sustent\u00e1vel das mesmas. Foto: Divulga\u00e7\u00e3o<\/p>\n<p>Siga o Instagram do Blog @blogdoedvaldomagalhaes<\/p>\n<p>Se inscreva no canal do Blog no YouTube<\/p>\n","protected":false},"excerpt":{"rendered":"<p>Com o intuito de fomentar o empreendedorismo feminino da cidade, proporcionando visibilidade e oportunidades de vendas para mulheres integrantes do&hellip;<\/p>\n","protected":false},"author":1,"featured_media":103459,"comment_status":"closed","ping_status":"open","sticky":false,"template":"","format":"standard","meta":{"footnotes":""},"categories":[14120],"tags":[28803,2,28801,3406,29278],"class_list":["post-103458","post","type-post","status-publish","format-standard","has-post-thumbnail","hentry","category-noticias","tag-blog-com-mais-visualizacoes","tag-blog-do-edvaldo-magalhaes","tag-blog-mais-acessado","tag-caruaru","tag-feira-de-natal-da-mulher-empreendedora-na-estacao-ferroviaria"],"_links":{"self":[{"href":"https:\/\/blogdoedvaldomagalhaes.com.br\/index.php\/wp-json\/wp\/v2\/posts\/103458","targetHints":{"allow":["GET"]}}],"collection":[{"href":"https:\/\/blogdoedvaldomagalhaes.com.br\/index.php\/wp-json\/wp\/v2\/posts"}],"about":[{"href":"https:\/\/blogdoedvaldomagalhaes.com.br\/index.php\/wp-json\/wp\/v2\/types\/post"}],"author":[{"embeddable":true,"href":"https:\/\/blogdoedvaldomagalhaes.com.br\/index.php\/wp-json\/wp\/v2\/users\/1"}],"replies":[{"embeddable":true,"href":"https:\/\/blogdoedvaldomagalhaes.com.br\/index.php\/wp-json\/wp\/v2\/comments?post=103458"}],"version-history":[{"count":1,"href":"https:\/\/blogdoedvaldomagalhaes.com.br\/index.php\/wp-json\/wp\/v2\/posts\/103458\/revisions"}],"predecessor-version":[{"id":103460,"href":"https:\/\/blogdoedvaldomagalhaes.com.br\/index.php\/wp-json\/wp\/v2\/posts\/103458\/revisions\/103460"}],"wp:featuredmedia":[{"embeddable":true,"href":"https:\/\/blogdoedvaldomagalhaes.com.br\/index.php\/wp-json\/wp\/v2\/media\/103459"}],"wp:attachment":[{"href":"https:\/\/blogdoedvaldomagalhaes.com.br\/index.php\/wp-json\/wp\/v2\/media?parent=103458"}],"wp:term":[{"taxonomy":"category","embeddable":true,"href":"https:\/\/blogdoedvaldomagalhaes.com.br\/index.php\/wp-json\/wp\/v2\/categories?post=103458"},{"taxonomy":"post_tag","embeddable":true,"href":"https:\/\/blogdoedvaldomagalhaes.com.br\/index.php\/wp-json\/wp\/v2\/tags?post=103458"}],"curies":[{"name":"wp","href":"https:\/\/api.w.org\/{rel}","templated":true}]}}