{"id":103455,"date":"2023-12-05T15:19:32","date_gmt":"2023-12-05T18:19:32","guid":{"rendered":"https:\/\/blogdoedvaldomagalhaes.com.br\/?p=103455"},"modified":"2023-12-05T15:19:33","modified_gmt":"2023-12-05T18:19:33","slug":"caruaru-inova-na-transparencia-ouvidoria-geral-lanca-painel-interativo-do-e-sic","status":"publish","type":"post","link":"https:\/\/blogdoedvaldomagalhaes.com.br\/index.php\/2023\/12\/05\/caruaru-inova-na-transparencia-ouvidoria-geral-lanca-painel-interativo-do-e-sic\/","title":{"rendered":"Caruaru inova na Transpar\u00eancia: Ouvidoria-Geral lan\u00e7a Painel Interativo do e-SIC"},"content":{"rendered":"<p><span style=\"font-size: revert;\">A Ouvidoria-Geral de Caruaru, ainda em comemora\u00e7\u00e3o ao seu sexto anivers\u00e1rio, inova ainda mais na transpar\u00eancia p\u00fablica, agora com o lan\u00e7amento do Painel Interativo do e-SIC. A iniciativa consolida Caruaru como um munic\u00edpio pioneiro no Estado de Pernambuco no uso da tecnologia para fortalecer a governan\u00e7a moderna e o acesso \u00e0 informa\u00e7\u00e3o p\u00fablica.<\/span><\/p>\n<p>O Painel Interativo de Manifesta\u00e7\u00f5es, lan\u00e7ado em maio deste ano, j\u00e1 se destacava por sua inova\u00e7\u00e3o, sendo o primeiro do g\u00eanero na regi\u00e3o. Agora, a ferramenta ganha ainda mais robustez com a inclus\u00e3o dos pedidos de acesso \u00e0 informa\u00e7\u00e3o, proporcionando \u00e0 popula\u00e7\u00e3o uma maneira mais \u00e1gil e eficaz de interagir com a administra\u00e7\u00e3o municipal.<\/p>\n<p>O controlador-geral, Severino Santos, elogiou a evolu\u00e7\u00e3o do Painel Interativo, destacando seu papel na moderniza\u00e7\u00e3o da gest\u00e3o p\u00fablica. &#8220;Este \u00e9 um passo significativo para consolidar Caruaru como um exemplo de transpar\u00eancia. A inclus\u00e3o dos pedidos de acesso \u00e0 informa\u00e7\u00e3o ao Painel Interativo de Manifesta\u00e7\u00f5es refor\u00e7a nosso compromisso com a participa\u00e7\u00e3o cidad\u00e3 e a presta\u00e7\u00e3o de contas&#8221;, afirmou Santos.<\/p>\n<p>A ouvidora-geral, Ana Carolina Barros, ressaltou a import\u00e2ncia da tecnologia na aproxima\u00e7\u00e3o entre governo e cidad\u00e3os. &#8220;Ao completarmos seis anos, reafirmamos nosso compromisso com a transpar\u00eancia e a constru\u00e7\u00e3o de uma Ouvidoria Inteligente, Criativa e Participativa. O Painel do e-SIC \u00e9 uma ferramenta que fortalece a participa\u00e7\u00e3o ativa da popula\u00e7\u00e3o, contribuindo para uma gest\u00e3o mais aberta e responsiva&#8221;, disse.<\/p>\n<p>A Prefeitura de Caruaru, atrav\u00e9s da gest\u00e3o do prefeito Rodrigo Pinheiro, ao investir em tecnologias inovadoras e conquistar reconhecimento nacional pela transpar\u00eancia, reitera seu compromisso em construir uma administra\u00e7\u00e3o p\u00fablica cada vez mais pr\u00f3xima e alinhada aos anseios da comunidade. O Painel Interativo do e-SIC representa n\u00e3o apenas uma ferramenta tecnol\u00f3gica, mas um passo significativo em dire\u00e7\u00e3o a uma gest\u00e3o municipal mais moderna e transparente.<\/p>\n<p>Acesse aqui o Painel Interativo da Ouvidoria: https:\/\/caruaru.pe.gov.br\/portal-da-transparencia\/ouvidoria\/painel-interativo\/<\/p>\n<p>Foto: Divulga\u00e7\u00e3o\/Secom.<\/p>\n<p>Siga o Instagram do Blog @blogdoedvaldomagalhaes<\/p>\n<p>Se inscreva no canal do Blog no YouTube<\/p>\n","protected":false},"excerpt":{"rendered":"<p>A Ouvidoria-Geral de Caruaru, ainda em comemora\u00e7\u00e3o ao seu sexto anivers\u00e1rio, inova ainda mais na transpar\u00eancia p\u00fablica, agora com o&hellip;<\/p>\n","protected":false},"author":1,"featured_media":103456,"comment_status":"closed","ping_status":"open","sticky":false,"template":"","format":"standard","meta":{"footnotes":""},"categories":[14120],"tags":[28803,2,28801,3406,29277],"class_list":["post-103455","post","type-post","status-publish","format-standard","has-post-thumbnail","hentry","category-noticias","tag-blog-com-mais-visualizacoes","tag-blog-do-edvaldo-magalhaes","tag-blog-mais-acessado","tag-caruaru","tag-caruaru-inova-na-transparencia-ouvidoria-geral-lanca-painel-interativo-do-e-sic"],"_links":{"self":[{"href":"https:\/\/blogdoedvaldomagalhaes.com.br\/index.php\/wp-json\/wp\/v2\/posts\/103455","targetHints":{"allow":["GET"]}}],"collection":[{"href":"https:\/\/blogdoedvaldomagalhaes.com.br\/index.php\/wp-json\/wp\/v2\/posts"}],"about":[{"href":"https:\/\/blogdoedvaldomagalhaes.com.br\/index.php\/wp-json\/wp\/v2\/types\/post"}],"author":[{"embeddable":true,"href":"https:\/\/blogdoedvaldomagalhaes.com.br\/index.php\/wp-json\/wp\/v2\/users\/1"}],"replies":[{"embeddable":true,"href":"https:\/\/blogdoedvaldomagalhaes.com.br\/index.php\/wp-json\/wp\/v2\/comments?post=103455"}],"version-history":[{"count":1,"href":"https:\/\/blogdoedvaldomagalhaes.com.br\/index.php\/wp-json\/wp\/v2\/posts\/103455\/revisions"}],"predecessor-version":[{"id":103457,"href":"https:\/\/blogdoedvaldomagalhaes.com.br\/index.php\/wp-json\/wp\/v2\/posts\/103455\/revisions\/103457"}],"wp:featuredmedia":[{"embeddable":true,"href":"https:\/\/blogdoedvaldomagalhaes.com.br\/index.php\/wp-json\/wp\/v2\/media\/103456"}],"wp:attachment":[{"href":"https:\/\/blogdoedvaldomagalhaes.com.br\/index.php\/wp-json\/wp\/v2\/media?parent=103455"}],"wp:term":[{"taxonomy":"category","embeddable":true,"href":"https:\/\/blogdoedvaldomagalhaes.com.br\/index.php\/wp-json\/wp\/v2\/categories?post=103455"},{"taxonomy":"post_tag","embeddable":true,"href":"https:\/\/blogdoedvaldomagalhaes.com.br\/index.php\/wp-json\/wp\/v2\/tags?post=103455"}],"curies":[{"name":"wp","href":"https:\/\/api.w.org\/{rel}","templated":true}]}}