{"id":103452,"date":"2023-12-05T15:12:12","date_gmt":"2023-12-05T18:12:12","guid":{"rendered":"https:\/\/blogdoedvaldomagalhaes.com.br\/?p=103452"},"modified":"2023-12-05T15:12:14","modified_gmt":"2023-12-05T18:12:14","slug":"sesc-caruaru-inicia-campanha-natalina-de-arrecadacao-de-alimentos","status":"publish","type":"post","link":"https:\/\/blogdoedvaldomagalhaes.com.br\/index.php\/2023\/12\/05\/sesc-caruaru-inicia-campanha-natalina-de-arrecadacao-de-alimentos\/","title":{"rendered":"Sesc Caruaru inicia campanha natalina de arrecada\u00e7\u00e3o de alimentos"},"content":{"rendered":"<p><span style=\"font-size: revert;\">O Sesc Caruaru iniciou nessa segunda-feira (04\/12) a Campanha Natalina de Arrecada\u00e7\u00e3o de Alimentos, uma iniciativa que pretende arrecadar donativos que ser\u00e3o distribu\u00eddos pelo Programa Banco de Alimentos\/Sesc Mesa Brasil a institui\u00e7\u00f5es sociais que atendem fam\u00edlias em situa\u00e7\u00e3o de vulnerabilidade, que vivem em cidades do Agreste.<\/span><\/p>\n<p>Com o tema \u201cDoe alimentos n\u00e3o perec\u00edveis e ilumine o Natal de quem mais precisa\u201d, a campanha conta com quatro pontos de arrecada\u00e7\u00e3o. Um \u00e9 na Central de Relacionamento do Sesc Caruaru. Os demais s\u00e3o nas sedes dos parceiros da a\u00e7\u00e3o: C\u00e2mara de Dirigentes Lojistas de Caruaru (CDL), Sindloja e Associa\u00e7\u00e3o Comercial e Empresarial de Caruaru (Acic).<\/p>\n<p>Atualmente, as institui\u00e7\u00f5es sociais cadastradas na unidade de Caruaru do Banco de Alimentos atendem mais de 7 mil fam\u00edlias, que vivem em oito cidades da regi\u00e3o. \u201cQueremos sensibilizar a sociedade para que as pessoas possam colaborar com a campanha e fazer deste Natal um momento de alegria para quem precisa\u201d, afirma Concei\u00e7\u00e3o de Paulo, gerente do Sesc Caruaru.<\/p>\n<p>Banco de Alimentos em Caruaru \u2013 Em 19 anos de atua\u00e7\u00e3o na maior cidade do Agreste pernambucano, o programa realiza atendimento sistem\u00e1tico em outras cidades da regi\u00e3o, como Agrestina, Belo Jardim, Bezerros, Brejo da Madre de Deus, Cupira, S\u00e3o Caetano, S\u00e3o Joaquim do Monte e Surubim. As atividades refor\u00e7am as a\u00e7\u00f5es de capta\u00e7\u00e3o de novas institui\u00e7\u00f5es e mobilizam empres\u00e1rios do setor aliment\u00edcio, a fim de aumentar a arrecada\u00e7\u00e3o de g\u00eaneros n\u00e3o perec\u00edveis, produtos de higiene e limpeza.<\/p>\n<p>Al\u00e9m do repasse de alimentos, o Banco de Alimentos realiza tamb\u00e9m monitoramento sistem\u00e1tico com equipe composta por assistente social e nutricionista, bem como a\u00e7\u00f5es educativas que envolvem palestras, orienta\u00e7\u00f5es e treinamentos sobre seguran\u00e7a alimentar, alimenta\u00e7\u00e3o saud\u00e1vel e aproveitamento integral de alimentos, al\u00e9m de cursos para manipuladores de alimentos das institui\u00e7\u00f5es e comunidade em geral.<\/p>\n<p>*Sesc* \u2013 Fundado em 1947 em Pernambuco, o Servi\u00e7o Social do Com\u00e9rcio \u00e9 uma institui\u00e7\u00e3o privada mantida pelos empres\u00e1rios do com\u00e9rcio de bens, servi\u00e7os e turismo. Atuante na Regi\u00e3o Metropolitana do Recife, Zona da Mata Norte, Zona da Mata Sul, Agreste e Sert\u00e3o, por meio de 23 unidades fixas, incluindo os hot\u00e9is Guadalupe (Sirinha\u00e9m), Triunfo e Garanhuns. Oferece atividades gratuitas ou a pre\u00e7os populares nas \u00e1reas de Educa\u00e7\u00e3o, Cultura, Lazer, Assist\u00eancia e Sa\u00fade, inclusive para quem disp\u00f5e do Cart\u00e3o do Empres\u00e1rio da Fecom\u00e9rcio\/PE. No campo digital, a institui\u00e7\u00e3o oferece o aplicativo Sesc-PE, facilitando acesso \u00e0s atividades, renova\u00e7\u00e3o e habilita\u00e7\u00e3o da credencial entre outras funcionalidades, e disponibiliza a plataforma Sesc Digital (https:\/\/cursos.sescpe.com.br\/todos). Por ela, \u00e9 poss\u00edvel conhecer o cronograma de cursos e realizar a inscri\u00e7\u00e3o de forma online e segura. Para acompanhar todas as informa\u00e7\u00f5es sobre o Sesc, acesse www.sescpe.org.br.<\/p>\n<p>Siga o Instagram do Blog @blogdoedvaldomagalhaes<\/p>\n<p>Se inscreva no canal do Blog no YouTube<\/p>\n","protected":false},"excerpt":{"rendered":"<p>O Sesc Caruaru iniciou nessa segunda-feira (04\/12) a Campanha Natalina de Arrecada\u00e7\u00e3o de Alimentos, uma iniciativa que pretende arrecadar donativos&hellip;<\/p>\n","protected":false},"author":1,"featured_media":103453,"comment_status":"closed","ping_status":"open","sticky":false,"template":"","format":"standard","meta":{"footnotes":""},"categories":[14120],"tags":[28803,2,28801,3406,29276],"class_list":["post-103452","post","type-post","status-publish","format-standard","has-post-thumbnail","hentry","category-noticias","tag-blog-com-mais-visualizacoes","tag-blog-do-edvaldo-magalhaes","tag-blog-mais-acessado","tag-caruaru","tag-sesc-caruaru-inicia-campanha-natalina-de-arrecadacao-de-alimentos"],"_links":{"self":[{"href":"https:\/\/blogdoedvaldomagalhaes.com.br\/index.php\/wp-json\/wp\/v2\/posts\/103452","targetHints":{"allow":["GET"]}}],"collection":[{"href":"https:\/\/blogdoedvaldomagalhaes.com.br\/index.php\/wp-json\/wp\/v2\/posts"}],"about":[{"href":"https:\/\/blogdoedvaldomagalhaes.com.br\/index.php\/wp-json\/wp\/v2\/types\/post"}],"author":[{"embeddable":true,"href":"https:\/\/blogdoedvaldomagalhaes.com.br\/index.php\/wp-json\/wp\/v2\/users\/1"}],"replies":[{"embeddable":true,"href":"https:\/\/blogdoedvaldomagalhaes.com.br\/index.php\/wp-json\/wp\/v2\/comments?post=103452"}],"version-history":[{"count":1,"href":"https:\/\/blogdoedvaldomagalhaes.com.br\/index.php\/wp-json\/wp\/v2\/posts\/103452\/revisions"}],"predecessor-version":[{"id":103454,"href":"https:\/\/blogdoedvaldomagalhaes.com.br\/index.php\/wp-json\/wp\/v2\/posts\/103452\/revisions\/103454"}],"wp:featuredmedia":[{"embeddable":true,"href":"https:\/\/blogdoedvaldomagalhaes.com.br\/index.php\/wp-json\/wp\/v2\/media\/103453"}],"wp:attachment":[{"href":"https:\/\/blogdoedvaldomagalhaes.com.br\/index.php\/wp-json\/wp\/v2\/media?parent=103452"}],"wp:term":[{"taxonomy":"category","embeddable":true,"href":"https:\/\/blogdoedvaldomagalhaes.com.br\/index.php\/wp-json\/wp\/v2\/categories?post=103452"},{"taxonomy":"post_tag","embeddable":true,"href":"https:\/\/blogdoedvaldomagalhaes.com.br\/index.php\/wp-json\/wp\/v2\/tags?post=103452"}],"curies":[{"name":"wp","href":"https:\/\/api.w.org\/{rel}","templated":true}]}}