{"id":103446,"date":"2023-12-04T19:34:35","date_gmt":"2023-12-04T22:34:35","guid":{"rendered":"https:\/\/blogdoedvaldomagalhaes.com.br\/?p=103446"},"modified":"2023-12-04T19:34:36","modified_gmt":"2023-12-04T22:34:36","slug":"governo-de-pernambuco-recebe-do-exercito-cessao-de-terreno-para-construcao-da-nova-sede-de-grupamento-de-bombeiros","status":"publish","type":"post","link":"https:\/\/blogdoedvaldomagalhaes.com.br\/index.php\/2023\/12\/04\/governo-de-pernambuco-recebe-do-exercito-cessao-de-terreno-para-construcao-da-nova-sede-de-grupamento-de-bombeiros\/","title":{"rendered":"Governo de Pernambuco recebe do Ex\u00e9rcito cess\u00e3o de terreno para constru\u00e7\u00e3o da nova sede de Grupamento de Bombeiros"},"content":{"rendered":"<p><span style=\"font-size: revert;\">Atrav\u00e9s de um termo de cess\u00e3o de uso, o Ex\u00e9rcito Brasileiro cedeu um terreno localizado no munic\u00edpio de Olinda para o Governo do Estado, que construir\u00e1 no local a nova sede do Grupamento de Bombeiros de Atendimento Pr\u00e9-Hospitalar (GBAPH). Nesta segunda-feira (4), no Pal\u00e1cio do Campo das Princesas, a governadora em exerc\u00edcio Priscila Krause, juntamente com representantes do Corpo de Bombeiros Militar de Pernambuco e do Ex\u00e9rcito Brasileiro, assinou o contrato de Concess\u00e3o de Direito Real de Uso Resol\u00favel do im\u00f3vel, que fica no bairro de Santa Tereza. A gestora anunciou que o local comportar\u00e1 a nova sede do GBAPH com o objetivo de realizar diversas atividades operacionais, sendo um ponto de apoio estrat\u00e9gico para o trabalho dos profissionais do Corpo de Bombeiros.<\/span><\/p>\n<p>\u201cAgradecemos ao Ex\u00e9rcito pela cess\u00e3o e a disposi\u00e7\u00e3o de construir parcerias para melhorar a vida das pessoas. Estamos falando de um terreno localizado em \u00e1rea estrat\u00e9gica da Regi\u00e3o Metropolitana. Isso permitir\u00e1 a constru\u00e7\u00e3o da nova sede do GBAPH, que presta um servi\u00e7o essencial no resgate de v\u00edtimas de acidentes como os de tr\u00e2nsito. Dentro do Juntos Pela Seguran\u00e7a, os investimentos para o Corpo dos Bombeiros est\u00e3o garantidos, pois fortalec\u00ea-los \u00e9 estrat\u00e9gico para nossa popula\u00e7\u00e3o\u201d, destacou a governadora em exerc\u00edcio, Priscila Krause.<\/p>\n<p>A cess\u00e3o de uso ser\u00e1 por 20 anos, podendo ser renovada. O terreno possui aproximadamente 17 mil metros quadrados (m\u00b2) e a estrutura vai poder abrigar os equipamentos e ve\u00edculos utilizados pelo Corpo de Bombeiros. \u201cSer\u00e1 um quartel no qual o efetivo do Corpo de Bombeiros ficar\u00e1 em prontid\u00e3o para ser acionado em caso de ocorr\u00eancia. Ou seja, ter\u00e1 uma estrutura boa para o Corpo de Bombeiros prestar o melhor servi\u00e7o de atendimento pr\u00e9-hospitalar \u00e0 popula\u00e7\u00e3o\u201d, registrou o secret\u00e1rio estadual de Defesa Social, Alessandro Carvalho.<\/p>\n<p>O local contar\u00e1 com \u00e1reas adequadas para treinamentos, manuten\u00e7\u00e3o e higieniza\u00e7\u00e3o das viaturas e equipamentos que s\u00e3o expostos aos riscos de contamina\u00e7\u00e3o com v\u00edtimas e nos hospitais. \u201cO Comandante do Ex\u00e9rcito, que \u00e9 o gestor do patrim\u00f4nio dos im\u00f3veis, ele houve por bem, assessorado pelo Comando Militar do Nordeste, ceder essa \u00e1rea com uma cess\u00e3o de uso para o governo do Estado de Pernambuco, celebrando a oportunidade de parceria\u201d, disse o General Alessandro, Comandante do 1\u00ba Grupamento de Engenharia do Ex\u00e9rcito Brasileiro.<\/p>\n<p>A nova sede servir\u00e1 para concentrar a atividade de atendimento pr\u00e9-hospitalar e atender as subunidades que o grupamento possui na Regi\u00e3o Metropolitana do Recife. N\u00f3s temos uma unidade que funciona ali perto, mas, numa instala\u00e7\u00e3o prec\u00e1ria e que n\u00e3o comporta todo o efetivo nem as viaturas que fazem parte do grupamento. A utiliza\u00e7\u00e3o do novo terreno vai dar maior conforto e a possibilidade de construirmos um quartel efetivamente adequado para comportar todos que trabalham nele, assim como as viaturas\u201d, explicou o Coronel Luciano Alves, Comandante Geral do Corpo de Bombeiros Militar de Pernambuco.<\/p>\n<p>Foto: Hes\u00edodo G\u00f3es\/Secom.<\/p>\n<p>Siga o Instagram do Blog @blogdoedvaldomagalhaes<\/p>\n<p>Se inscreva no canal do Blog no YouTube<\/p>\n","protected":false},"excerpt":{"rendered":"<p>Atrav\u00e9s de um termo de cess\u00e3o de uso, o Ex\u00e9rcito Brasileiro cedeu um terreno localizado no munic\u00edpio de Olinda para&hellip;<\/p>\n","protected":false},"author":1,"featured_media":103447,"comment_status":"closed","ping_status":"open","sticky":false,"template":"","format":"standard","meta":{"footnotes":""},"categories":[14122],"tags":[28803,2,28801,3406,29275],"class_list":["post-103446","post","type-post","status-publish","format-standard","has-post-thumbnail","hentry","category-politica","tag-blog-com-mais-visualizacoes","tag-blog-do-edvaldo-magalhaes","tag-blog-mais-acessado","tag-caruaru","tag-governo-de-pernambuco-recebe-do-exercito-cessao-de-terreno-para-construcao-da-nova-sede-de-grupamento-de-bombeiros-em-olinda"],"_links":{"self":[{"href":"https:\/\/blogdoedvaldomagalhaes.com.br\/index.php\/wp-json\/wp\/v2\/posts\/103446","targetHints":{"allow":["GET"]}}],"collection":[{"href":"https:\/\/blogdoedvaldomagalhaes.com.br\/index.php\/wp-json\/wp\/v2\/posts"}],"about":[{"href":"https:\/\/blogdoedvaldomagalhaes.com.br\/index.php\/wp-json\/wp\/v2\/types\/post"}],"author":[{"embeddable":true,"href":"https:\/\/blogdoedvaldomagalhaes.com.br\/index.php\/wp-json\/wp\/v2\/users\/1"}],"replies":[{"embeddable":true,"href":"https:\/\/blogdoedvaldomagalhaes.com.br\/index.php\/wp-json\/wp\/v2\/comments?post=103446"}],"version-history":[{"count":1,"href":"https:\/\/blogdoedvaldomagalhaes.com.br\/index.php\/wp-json\/wp\/v2\/posts\/103446\/revisions"}],"predecessor-version":[{"id":103448,"href":"https:\/\/blogdoedvaldomagalhaes.com.br\/index.php\/wp-json\/wp\/v2\/posts\/103446\/revisions\/103448"}],"wp:featuredmedia":[{"embeddable":true,"href":"https:\/\/blogdoedvaldomagalhaes.com.br\/index.php\/wp-json\/wp\/v2\/media\/103447"}],"wp:attachment":[{"href":"https:\/\/blogdoedvaldomagalhaes.com.br\/index.php\/wp-json\/wp\/v2\/media?parent=103446"}],"wp:term":[{"taxonomy":"category","embeddable":true,"href":"https:\/\/blogdoedvaldomagalhaes.com.br\/index.php\/wp-json\/wp\/v2\/categories?post=103446"},{"taxonomy":"post_tag","embeddable":true,"href":"https:\/\/blogdoedvaldomagalhaes.com.br\/index.php\/wp-json\/wp\/v2\/tags?post=103446"}],"curies":[{"name":"wp","href":"https:\/\/api.w.org\/{rel}","templated":true}]}}