{"id":103443,"date":"2023-12-04T15:41:57","date_gmt":"2023-12-04T18:41:57","guid":{"rendered":"https:\/\/blogdoedvaldomagalhaes.com.br\/?p=103443"},"modified":"2023-12-04T15:41:59","modified_gmt":"2023-12-04T18:41:59","slug":"representantes-da-fundacao-de-cultura-de-caruaru-participam-de-reuniao-na-bahia-para-promover-o-fortalecimento-das-manifestacoes-culturais","status":"publish","type":"post","link":"https:\/\/blogdoedvaldomagalhaes.com.br\/index.php\/2023\/12\/04\/representantes-da-fundacao-de-cultura-de-caruaru-participam-de-reuniao-na-bahia-para-promover-o-fortalecimento-das-manifestacoes-culturais\/","title":{"rendered":"Representantes da Funda\u00e7\u00e3o de Cultura de Caruaru participam de reuni\u00e3o na Bahia para promover o fortalecimento das manifesta\u00e7\u00f5es culturais"},"content":{"rendered":"<p><span style=\"font-size: revert;\">Representantes da Funda\u00e7\u00e3o de Cultura do munic\u00edpio (FCC), participaram de uma reuni\u00e3o em Salvador, na Bahia, nesta segunda-feira (4). O objetivo do encontro foi promover o fortalecimento das manifesta\u00e7\u00f5es culturais do Nordeste.<\/span><\/p>\n<p>\u201cFoi um momento bastante importante, de troca de conhecimento, e tamb\u00e9m uma oportunidade para apresentar o que temos de melhor da cultura de Caruaru, como o nosso S\u00e3o Jo\u00e3o, para Salvador\u201d, disse presidente da FCC, H\u00e9rlon Cavalcanti.<\/p>\n<p>Al\u00e9m do presidente da Funda\u00e7\u00e3o de Cultura de Caruaru, estiveram presentes no encontro com o deputado federal da Bahia Otto Filho e o campe\u00e3o brasileiro pelo Bahia em 1988, Jo\u00e3o Marcelo, o vice-presidente e o assessor especial da FCC, M\u00e1rcio Santos e Leonardo Leite, respectivamente.<\/p>\n<p>Foto: Divulga\u00e7\u00e3o.<\/p>\n<p>Siga o Instagram do Blog para comentar @blogdoedvaldomagalhaes<\/p>\n<p>Se inscreva no canal do Blog no YouTube<\/p>\n","protected":false},"excerpt":{"rendered":"<p>Representantes da Funda\u00e7\u00e3o de Cultura do munic\u00edpio (FCC), participaram de uma reuni\u00e3o em Salvador, na Bahia, nesta segunda-feira (4). O&hellip;<\/p>\n","protected":false},"author":1,"featured_media":103444,"comment_status":"closed","ping_status":"open","sticky":false,"template":"","format":"standard","meta":{"footnotes":""},"categories":[14120],"tags":[28803,28925,2,3406,29274],"class_list":["post-103443","post","type-post","status-publish","format-standard","has-post-thumbnail","hentry","category-noticias","tag-blog-com-mais-visualizacoes","tag-blog-comamos-visualizacoes","tag-blog-do-edvaldo-magalhaes","tag-caruaru","tag-representantes-da-fundacao-de-cultura-de-caruaru-participam-de-reuniao-na-bahia-para-promover-o-fortalecimento-das-manifestacoes-culturais"],"_links":{"self":[{"href":"https:\/\/blogdoedvaldomagalhaes.com.br\/index.php\/wp-json\/wp\/v2\/posts\/103443","targetHints":{"allow":["GET"]}}],"collection":[{"href":"https:\/\/blogdoedvaldomagalhaes.com.br\/index.php\/wp-json\/wp\/v2\/posts"}],"about":[{"href":"https:\/\/blogdoedvaldomagalhaes.com.br\/index.php\/wp-json\/wp\/v2\/types\/post"}],"author":[{"embeddable":true,"href":"https:\/\/blogdoedvaldomagalhaes.com.br\/index.php\/wp-json\/wp\/v2\/users\/1"}],"replies":[{"embeddable":true,"href":"https:\/\/blogdoedvaldomagalhaes.com.br\/index.php\/wp-json\/wp\/v2\/comments?post=103443"}],"version-history":[{"count":1,"href":"https:\/\/blogdoedvaldomagalhaes.com.br\/index.php\/wp-json\/wp\/v2\/posts\/103443\/revisions"}],"predecessor-version":[{"id":103445,"href":"https:\/\/blogdoedvaldomagalhaes.com.br\/index.php\/wp-json\/wp\/v2\/posts\/103443\/revisions\/103445"}],"wp:featuredmedia":[{"embeddable":true,"href":"https:\/\/blogdoedvaldomagalhaes.com.br\/index.php\/wp-json\/wp\/v2\/media\/103444"}],"wp:attachment":[{"href":"https:\/\/blogdoedvaldomagalhaes.com.br\/index.php\/wp-json\/wp\/v2\/media?parent=103443"}],"wp:term":[{"taxonomy":"category","embeddable":true,"href":"https:\/\/blogdoedvaldomagalhaes.com.br\/index.php\/wp-json\/wp\/v2\/categories?post=103443"},{"taxonomy":"post_tag","embeddable":true,"href":"https:\/\/blogdoedvaldomagalhaes.com.br\/index.php\/wp-json\/wp\/v2\/tags?post=103443"}],"curies":[{"name":"wp","href":"https:\/\/api.w.org\/{rel}","templated":true}]}}