{"id":103440,"date":"2023-12-04T15:26:24","date_gmt":"2023-12-04T18:26:24","guid":{"rendered":"https:\/\/blogdoedvaldomagalhaes.com.br\/?p=103440"},"modified":"2023-12-04T15:26:25","modified_gmt":"2023-12-04T18:26:25","slug":"procon-caruaru-promove-o-mutirao-de-negociacao-de-dividas-2023","status":"publish","type":"post","link":"https:\/\/blogdoedvaldomagalhaes.com.br\/index.php\/2023\/12\/04\/procon-caruaru-promove-o-mutirao-de-negociacao-de-dividas-2023\/","title":{"rendered":"Procon Caruaru promove o Mutir\u00e3o de Negocia\u00e7\u00e3o de D\u00edvidas 2023"},"content":{"rendered":"<p><span style=\"font-size: revert;\">A Ger\u00eancia Municipal de Prote\u00e7\u00e3o e Defesa do Consumidor (Procon Caruaru), promove Mutir\u00e3o de Negocia\u00e7\u00e3o de D\u00edvidas 2023. Os atendimentos ser\u00e3o realizados de modo on-line e presencial, entre esta segunda-feira (04) at\u00e9 o pr\u00f3ximo dia 8, com o objetivo de facilitar a negocia\u00e7\u00e3o direta dos consumidores, que estejam com pend\u00eancias financeiras.<\/span><\/p>\n<p>Nesta edi\u00e7\u00e3o, os devedores poder\u00e3o negociar d\u00e9bitos com a Compesa, operadoras de telefonia e institui\u00e7\u00f5es financeiras (consultar quais institui\u00e7\u00f5es aderiram). Os atendimentos ser\u00e3o realizados na sede do Procon, que fica na rua Floriano Peixoto, 147, Centro, das 08 \u00e0s 14h. No per\u00edodo de mutir\u00e3o, os atendimentos do Procon que n\u00e3o sejam voltados para a negocia\u00e7\u00e3o de d\u00edvidas, estar\u00e3o suspensos, retornando no dia 11 de dezembro.<\/p>\n<p>A gerente do Procon Caruaru, Cynthia Nunes, destaca que o mutir\u00e3o representa uma boa oportunidade para o consumidor buscar acordo em suas d\u00edvidas e retornar ao mercado de consumo. \u201cO Procon promover\u00e1 essa intermedia\u00e7\u00e3o entre o consumidor e os fornecedores participantes, no intuito de conseguir condi\u00e7\u00f5es favor\u00e1veis para a realiza\u00e7\u00e3o dos acordos. Estamos prontos para repetir o sucesso dos mutir\u00f5es anteriores, ajudando o consumidor a sair da situa\u00e7\u00e3o de inadimpl\u00eancia, viabilizando acordos com condi\u00e7\u00f5es diferenciadas e quitando suas d\u00edvidas, podendo retornar ao mercado de consumo\u201d, enfatiza.<\/p>\n<p>Os interessados poder\u00e3o participar de modo presencial e tamb\u00e9m pela plataforma Caruaru Digital, atrav\u00e9s do site www.caruaru.pe.gov.br<br \/>\nTelefones para contato em caso de d\u00favida (8 \u00e0s 14h) pelos n\u00fameros (81) 3727-0289 e 9 8384-5909 o segundo contato \u00e9 apenas para mensagem (Whatsapp).<\/p>\n<p>Siga o Instagram do Blog para comentar @blogdoedvaldomagalhaes<\/p>\n<p>Se inscreva no canal do Blog no YouTube<\/p>\n","protected":false},"excerpt":{"rendered":"<p>A Ger\u00eancia Municipal de Prote\u00e7\u00e3o e Defesa do Consumidor (Procon Caruaru), promove Mutir\u00e3o de Negocia\u00e7\u00e3o de D\u00edvidas 2023. Os atendimentos&hellip;<\/p>\n","protected":false},"author":1,"featured_media":103441,"comment_status":"closed","ping_status":"open","sticky":false,"template":"","format":"standard","meta":{"footnotes":""},"categories":[14120],"tags":[28803,2,28801,3406,29273],"class_list":["post-103440","post","type-post","status-publish","format-standard","has-post-thumbnail","hentry","category-noticias","tag-blog-com-mais-visualizacoes","tag-blog-do-edvaldo-magalhaes","tag-blog-mais-acessado","tag-caruaru","tag-procon-caruaru-promove-o-mutirao-de-negociacao-de-dividas-2023"],"_links":{"self":[{"href":"https:\/\/blogdoedvaldomagalhaes.com.br\/index.php\/wp-json\/wp\/v2\/posts\/103440","targetHints":{"allow":["GET"]}}],"collection":[{"href":"https:\/\/blogdoedvaldomagalhaes.com.br\/index.php\/wp-json\/wp\/v2\/posts"}],"about":[{"href":"https:\/\/blogdoedvaldomagalhaes.com.br\/index.php\/wp-json\/wp\/v2\/types\/post"}],"author":[{"embeddable":true,"href":"https:\/\/blogdoedvaldomagalhaes.com.br\/index.php\/wp-json\/wp\/v2\/users\/1"}],"replies":[{"embeddable":true,"href":"https:\/\/blogdoedvaldomagalhaes.com.br\/index.php\/wp-json\/wp\/v2\/comments?post=103440"}],"version-history":[{"count":1,"href":"https:\/\/blogdoedvaldomagalhaes.com.br\/index.php\/wp-json\/wp\/v2\/posts\/103440\/revisions"}],"predecessor-version":[{"id":103442,"href":"https:\/\/blogdoedvaldomagalhaes.com.br\/index.php\/wp-json\/wp\/v2\/posts\/103440\/revisions\/103442"}],"wp:featuredmedia":[{"embeddable":true,"href":"https:\/\/blogdoedvaldomagalhaes.com.br\/index.php\/wp-json\/wp\/v2\/media\/103441"}],"wp:attachment":[{"href":"https:\/\/blogdoedvaldomagalhaes.com.br\/index.php\/wp-json\/wp\/v2\/media?parent=103440"}],"wp:term":[{"taxonomy":"category","embeddable":true,"href":"https:\/\/blogdoedvaldomagalhaes.com.br\/index.php\/wp-json\/wp\/v2\/categories?post=103440"},{"taxonomy":"post_tag","embeddable":true,"href":"https:\/\/blogdoedvaldomagalhaes.com.br\/index.php\/wp-json\/wp\/v2\/tags?post=103440"}],"curies":[{"name":"wp","href":"https:\/\/api.w.org\/{rel}","templated":true}]}}