{"id":103419,"date":"2023-12-03T11:13:09","date_gmt":"2023-12-03T14:13:09","guid":{"rendered":"https:\/\/blogdoedvaldomagalhaes.com.br\/?p=103419"},"modified":"2023-12-03T11:13:10","modified_gmt":"2023-12-03T14:13:10","slug":"dupla-e-presa-logo-apos-assalto-a-onibus","status":"publish","type":"post","link":"https:\/\/blogdoedvaldomagalhaes.com.br\/index.php\/2023\/12\/03\/dupla-e-presa-logo-apos-assalto-a-onibus\/","title":{"rendered":"Dupla \u00e9 presa logo ap\u00f3s assalto a \u00f4nibus"},"content":{"rendered":"<p><span style=\"font-size: revert;\">Em a\u00e7\u00e3o r\u00e1pida e eficiente, policiais militares da CIPC\u00e3es prenderam dois suspeitos de assalto a \u00f4nibus, na manh\u00e3 deste s\u00e1bado, em Peixinhos, Olinda. O efetivo fazia rondas no bairro quando foi acionado pelas v\u00edtimas e, de posse das caracter\u00edsticas dos envolvidos, deram imediato in\u00edcio a buscas, localizando a dupla rapidamente em uma rua pr\u00f3xima. Eles foram detidos ainda com todos os produtos subtra\u00eddos dos passageiros do coletivo e um fac\u00e3o usado para fazer amea\u00e7as. Os homens foram conduzidos para a Delegacia do Varadouro, onde foi formalizada a pris\u00e3o em flagrante.<\/span><\/p>\n","protected":false},"excerpt":{"rendered":"<p>Em a\u00e7\u00e3o r\u00e1pida e eficiente, policiais militares da CIPC\u00e3es prenderam dois suspeitos de assalto a \u00f4nibus, na manh\u00e3 deste s\u00e1bado,&hellip;<\/p>\n","protected":false},"author":1,"featured_media":103420,"comment_status":"closed","ping_status":"open","sticky":false,"template":"","format":"standard","meta":{"footnotes":""},"categories":[14121],"tags":[28803,2,28801,3406],"class_list":["post-103419","post","type-post","status-publish","format-standard","has-post-thumbnail","hentry","category-policial","tag-blog-com-mais-visualizacoes","tag-blog-do-edvaldo-magalhaes","tag-blog-mais-acessado","tag-caruaru"],"_links":{"self":[{"href":"https:\/\/blogdoedvaldomagalhaes.com.br\/index.php\/wp-json\/wp\/v2\/posts\/103419","targetHints":{"allow":["GET"]}}],"collection":[{"href":"https:\/\/blogdoedvaldomagalhaes.com.br\/index.php\/wp-json\/wp\/v2\/posts"}],"about":[{"href":"https:\/\/blogdoedvaldomagalhaes.com.br\/index.php\/wp-json\/wp\/v2\/types\/post"}],"author":[{"embeddable":true,"href":"https:\/\/blogdoedvaldomagalhaes.com.br\/index.php\/wp-json\/wp\/v2\/users\/1"}],"replies":[{"embeddable":true,"href":"https:\/\/blogdoedvaldomagalhaes.com.br\/index.php\/wp-json\/wp\/v2\/comments?post=103419"}],"version-history":[{"count":1,"href":"https:\/\/blogdoedvaldomagalhaes.com.br\/index.php\/wp-json\/wp\/v2\/posts\/103419\/revisions"}],"predecessor-version":[{"id":103421,"href":"https:\/\/blogdoedvaldomagalhaes.com.br\/index.php\/wp-json\/wp\/v2\/posts\/103419\/revisions\/103421"}],"wp:featuredmedia":[{"embeddable":true,"href":"https:\/\/blogdoedvaldomagalhaes.com.br\/index.php\/wp-json\/wp\/v2\/media\/103420"}],"wp:attachment":[{"href":"https:\/\/blogdoedvaldomagalhaes.com.br\/index.php\/wp-json\/wp\/v2\/media?parent=103419"}],"wp:term":[{"taxonomy":"category","embeddable":true,"href":"https:\/\/blogdoedvaldomagalhaes.com.br\/index.php\/wp-json\/wp\/v2\/categories?post=103419"},{"taxonomy":"post_tag","embeddable":true,"href":"https:\/\/blogdoedvaldomagalhaes.com.br\/index.php\/wp-json\/wp\/v2\/tags?post=103419"}],"curies":[{"name":"wp","href":"https:\/\/api.w.org\/{rel}","templated":true}]}}