{"id":103406,"date":"2023-12-03T08:30:40","date_gmt":"2023-12-03T11:30:40","guid":{"rendered":"https:\/\/blogdoedvaldomagalhaes.com.br\/?p=103406"},"modified":"2023-12-03T12:57:31","modified_gmt":"2023-12-03T15:57:31","slug":"motorista-e-preso-por-dirigir-alcoolizado-na-contramao-sem-cnh-e-quase-colidir-com-viatura-da-pm","status":"publish","type":"post","link":"https:\/\/blogdoedvaldomagalhaes.com.br\/index.php\/2023\/12\/03\/motorista-e-preso-por-dirigir-alcoolizado-na-contramao-sem-cnh-e-quase-colidir-com-viatura-da-pm\/","title":{"rendered":"Motorista \u00e9 preso por dirigir alcoolizado, na contram\u00e3o, sem CNH e quase colidir com viatura da PM"},"content":{"rendered":"<p><span style=\"font-size: revert;\">Nesse s\u00e1bado (02.12) a equipe da GT 01 da Policia Militar, quando em deslocamento pela Avenida Carlos de Brito, nas proximidades da antiga f\u00e1brica da Peixe, munic\u00edpio de Pesqueira, avistou um ve\u00edculo em sentido contr\u00e1rio invadindo a contram\u00e3o em manobra perigosa que quase colidiu com a viatura. Foi realizado a devida abordagem e dentro do ve\u00edculo encontrada uma garrafa de bebida alco\u00f3lica, a qual estava sendo ingerida pelos ocupantes do autom\u00f3vel. O condutor que teve o nome preservado pela PM \u00a0al\u00e9m de apresentar sinais not\u00f3rios de estar dirigindo sob influ\u00eancia de \u00e1lcool n\u00e3o possu\u00eda CNH. Foi realizada sua apresenta\u00e7\u00e3o at\u00e9 a autoridade competente para a ado\u00e7\u00e3o das medidas cab\u00edveis sendo lavrado em seu desfavor o APFD. Foto: Divulga\u00e7\u00e3o\/PMPE.<\/span><\/p>\n<p>Siga o Instagram do Blog @blogdoedvaldomagalhaes<\/p>\n<p>Se inscreva no canal do Blog no YouTube<\/p>\n","protected":false},"excerpt":{"rendered":"<p>Nesse s\u00e1bado (02.12) a equipe da GT 01 da Policia Militar, quando em deslocamento pela Avenida Carlos de Brito, nas&hellip;<\/p>\n","protected":false},"author":1,"featured_media":103407,"comment_status":"closed","ping_status":"open","sticky":false,"template":"","format":"standard","meta":{"footnotes":""},"categories":[14120],"tags":[28803,2,28801,3406],"class_list":["post-103406","post","type-post","status-publish","format-standard","has-post-thumbnail","hentry","category-noticias","tag-blog-com-mais-visualizacoes","tag-blog-do-edvaldo-magalhaes","tag-blog-mais-acessado","tag-caruaru"],"_links":{"self":[{"href":"https:\/\/blogdoedvaldomagalhaes.com.br\/index.php\/wp-json\/wp\/v2\/posts\/103406","targetHints":{"allow":["GET"]}}],"collection":[{"href":"https:\/\/blogdoedvaldomagalhaes.com.br\/index.php\/wp-json\/wp\/v2\/posts"}],"about":[{"href":"https:\/\/blogdoedvaldomagalhaes.com.br\/index.php\/wp-json\/wp\/v2\/types\/post"}],"author":[{"embeddable":true,"href":"https:\/\/blogdoedvaldomagalhaes.com.br\/index.php\/wp-json\/wp\/v2\/users\/1"}],"replies":[{"embeddable":true,"href":"https:\/\/blogdoedvaldomagalhaes.com.br\/index.php\/wp-json\/wp\/v2\/comments?post=103406"}],"version-history":[{"count":1,"href":"https:\/\/blogdoedvaldomagalhaes.com.br\/index.php\/wp-json\/wp\/v2\/posts\/103406\/revisions"}],"predecessor-version":[{"id":103408,"href":"https:\/\/blogdoedvaldomagalhaes.com.br\/index.php\/wp-json\/wp\/v2\/posts\/103406\/revisions\/103408"}],"wp:featuredmedia":[{"embeddable":true,"href":"https:\/\/blogdoedvaldomagalhaes.com.br\/index.php\/wp-json\/wp\/v2\/media\/103407"}],"wp:attachment":[{"href":"https:\/\/blogdoedvaldomagalhaes.com.br\/index.php\/wp-json\/wp\/v2\/media?parent=103406"}],"wp:term":[{"taxonomy":"category","embeddable":true,"href":"https:\/\/blogdoedvaldomagalhaes.com.br\/index.php\/wp-json\/wp\/v2\/categories?post=103406"},{"taxonomy":"post_tag","embeddable":true,"href":"https:\/\/blogdoedvaldomagalhaes.com.br\/index.php\/wp-json\/wp\/v2\/tags?post=103406"}],"curies":[{"name":"wp","href":"https:\/\/api.w.org\/{rel}","templated":true}]}}