{"id":103400,"date":"2023-12-02T21:14:21","date_gmt":"2023-12-03T00:14:21","guid":{"rendered":"https:\/\/blogdoedvaldomagalhaes.com.br\/?p=103400"},"modified":"2023-12-02T21:14:23","modified_gmt":"2023-12-03T00:14:23","slug":"secretaria-de-desenvolvimento-agrario-agricultura-pecuaria-e-pesca-marca-presenca-na-30-agrinordeste","status":"publish","type":"post","link":"https:\/\/blogdoedvaldomagalhaes.com.br\/index.php\/2023\/12\/02\/secretaria-de-desenvolvimento-agrario-agricultura-pecuaria-e-pesca-marca-presenca-na-30-agrinordeste\/","title":{"rendered":"Secretaria de Desenvolvimento Agr\u00e1rio, Agricultura, Pecu\u00e1ria e Pesca marca presen\u00e7a na 30\u00b0 AGRINORDESTE"},"content":{"rendered":"<p>Este s\u00e1bado (2), foi marcado tamb\u00e9m pela participa\u00e7\u00e3o da Secret\u00e1ria Ellen Vi\u00e9gas, no ciclo de palestras do evento, com o tema \u201cPol\u00edticas e Programas de apoio \u00e0 Agricultura Familiar do Governo de Pernambuco\u201d. A conversa refor\u00e7ou o reconhecimento, empenho e trabalho para colocar o desenvolvimento da agricultura como protagonista, tamb\u00e9m econ\u00f4mica, do nosso Estado.<\/p>\n<p>\u201cA feira segue at\u00e9 esse domingo (3), e al\u00e9m de um \u00f3timo espa\u00e7o para conhecer mais sobre o trabalhador, produtor e empres\u00e1rio nordestino, tamb\u00e9m \u00e9 uma \u00f3tima op\u00e7\u00e3o de lazer para a fam\u00edlia\u201d, destacou a Secret\u00e1ria Ellen Viegas.<\/p>\n<p>Ao lado do secret\u00e1rio Executivo Carlos Ramalho, Ellen caminhou tamb\u00e9m em diversos estandes de produtores e parceiros de trabalho da SDA.<br \/>\nFoto: Divulga\u00e7\u00e3o.<\/p>\n<p>Siga o Instagram do Blog @blogdoedvaldomagalhaes<br \/>\nSe inscreva no canal do Blog no You Tube<\/p>\n","protected":false},"excerpt":{"rendered":"<p>Este s\u00e1bado (2), foi marcado tamb\u00e9m pela participa\u00e7\u00e3o da Secret\u00e1ria Ellen Vi\u00e9gas, no ciclo de palestras do evento, com o&hellip;<\/p>\n","protected":false},"author":1,"featured_media":103401,"comment_status":"closed","ping_status":"open","sticky":false,"template":"","format":"standard","meta":{"footnotes":""},"categories":[14120],"tags":[2,28801,3406,29268],"class_list":["post-103400","post","type-post","status-publish","format-standard","has-post-thumbnail","hentry","category-noticias","tag-blog-do-edvaldo-magalhaes","tag-blog-mais-acessado","tag-caruaru","tag-secretaria-de-desenvolvimento-agrario-agricultura-pecuaria-e-pesca-marca-presenca-na-30-agrinordeste"],"_links":{"self":[{"href":"https:\/\/blogdoedvaldomagalhaes.com.br\/index.php\/wp-json\/wp\/v2\/posts\/103400","targetHints":{"allow":["GET"]}}],"collection":[{"href":"https:\/\/blogdoedvaldomagalhaes.com.br\/index.php\/wp-json\/wp\/v2\/posts"}],"about":[{"href":"https:\/\/blogdoedvaldomagalhaes.com.br\/index.php\/wp-json\/wp\/v2\/types\/post"}],"author":[{"embeddable":true,"href":"https:\/\/blogdoedvaldomagalhaes.com.br\/index.php\/wp-json\/wp\/v2\/users\/1"}],"replies":[{"embeddable":true,"href":"https:\/\/blogdoedvaldomagalhaes.com.br\/index.php\/wp-json\/wp\/v2\/comments?post=103400"}],"version-history":[{"count":1,"href":"https:\/\/blogdoedvaldomagalhaes.com.br\/index.php\/wp-json\/wp\/v2\/posts\/103400\/revisions"}],"predecessor-version":[{"id":103402,"href":"https:\/\/blogdoedvaldomagalhaes.com.br\/index.php\/wp-json\/wp\/v2\/posts\/103400\/revisions\/103402"}],"wp:featuredmedia":[{"embeddable":true,"href":"https:\/\/blogdoedvaldomagalhaes.com.br\/index.php\/wp-json\/wp\/v2\/media\/103401"}],"wp:attachment":[{"href":"https:\/\/blogdoedvaldomagalhaes.com.br\/index.php\/wp-json\/wp\/v2\/media?parent=103400"}],"wp:term":[{"taxonomy":"category","embeddable":true,"href":"https:\/\/blogdoedvaldomagalhaes.com.br\/index.php\/wp-json\/wp\/v2\/categories?post=103400"},{"taxonomy":"post_tag","embeddable":true,"href":"https:\/\/blogdoedvaldomagalhaes.com.br\/index.php\/wp-json\/wp\/v2\/tags?post=103400"}],"curies":[{"name":"wp","href":"https:\/\/api.w.org\/{rel}","templated":true}]}}