{"id":1034,"date":"2018-10-09T23:30:00","date_gmt":"2018-10-10T02:30:00","guid":{"rendered":"http:\/\/blogdoedvaldomagalhaes.com.br\/index.php\/2018\/10\/09\/departamento-de-feiras-e-mercados-de\/"},"modified":"2019-02-09T02:34:45","modified_gmt":"2019-02-09T04:34:45","slug":"departamento-de-feiras-e-mercados-de","status":"publish","type":"post","link":"https:\/\/blogdoedvaldomagalhaes.com.br\/index.php\/2018\/10\/09\/departamento-de-feiras-e-mercados-de\/","title":{"rendered":"Departamento de Feiras e Mercados de Caruaru tem novo comando"},"content":{"rendered":"<div class=\"separator\" style=\"clear: both; text-align: center;\">\n<a href=\"https:\/\/2.bp.blogspot.com\/-MhqfIdmYJjg\/W705FhVQedI\/AAAAAAAA7jk\/UU_iGSKtDE4w-HHsl_k-Z0S_nGjaMqQGACLcBGAs\/s1600\/IMG-20181009-WA0078.jpg\" imageanchor=\"1\" style=\"margin-left: 1em; margin-right: 1em;\"><img loading=\"lazy\" decoding=\"async\" border=\"0\" data-original-height=\"1040\" data-original-width=\"780\" height=\"640\" src=\"http:\/\/blogdoedvaldomagalhaes.com.br\/wp-content\/uploads\/2018\/10\/IMG-20181009-WA0078.jpg\" width=\"480\" \/><\/a><\/div>\n<p><\/p>\n<div style=\"text-align: justify;\">\nAnderson Almeida, filho do saudoso vereador Lambreta, e o novo Gerente Operacional da Unidade de Gest\u00e3o de Feiras e Mercados de Caruaru.<\/p>\n<p>O referido departamento teve no in\u00edcio da atual gest\u00e3o, Felipe Augusto (renascente do governo Queiroz), em 12 de abril do ano passado assumiu J\u00e9ssica Larissa, desde de outubro de 2017 que Andr\u00e9 Bezerra era o comandante do departamento e agora assumiu Anderson Lambreta (como \u00e9 conhecido).<\/p>\n<p><\/div>\n","protected":false},"excerpt":{"rendered":"<p>Anderson Almeida, filho do saudoso vereador Lambreta, e o novo Gerente Operacional da Unidade de Gest\u00e3o de Feiras e Mercados&hellip;<\/p>\n","protected":false},"author":1,"featured_media":0,"comment_status":"open","ping_status":"open","sticky":false,"template":"","format":"standard","meta":{"footnotes":""},"categories":[1],"tags":[2,969,6],"class_list":["post-1034","post","type-post","status-publish","format-standard","hentry","category-sem-categoria","tag-blog-do-edvaldo-magalhaes","tag-departamento-de-feiras-e-mercados-de-caruaru-tem-novo-comando","tag-noticias"],"_links":{"self":[{"href":"https:\/\/blogdoedvaldomagalhaes.com.br\/index.php\/wp-json\/wp\/v2\/posts\/1034","targetHints":{"allow":["GET"]}}],"collection":[{"href":"https:\/\/blogdoedvaldomagalhaes.com.br\/index.php\/wp-json\/wp\/v2\/posts"}],"about":[{"href":"https:\/\/blogdoedvaldomagalhaes.com.br\/index.php\/wp-json\/wp\/v2\/types\/post"}],"author":[{"embeddable":true,"href":"https:\/\/blogdoedvaldomagalhaes.com.br\/index.php\/wp-json\/wp\/v2\/users\/1"}],"replies":[{"embeddable":true,"href":"https:\/\/blogdoedvaldomagalhaes.com.br\/index.php\/wp-json\/wp\/v2\/comments?post=1034"}],"version-history":[{"count":1,"href":"https:\/\/blogdoedvaldomagalhaes.com.br\/index.php\/wp-json\/wp\/v2\/posts\/1034\/revisions"}],"predecessor-version":[{"id":34835,"href":"https:\/\/blogdoedvaldomagalhaes.com.br\/index.php\/wp-json\/wp\/v2\/posts\/1034\/revisions\/34835"}],"wp:attachment":[{"href":"https:\/\/blogdoedvaldomagalhaes.com.br\/index.php\/wp-json\/wp\/v2\/media?parent=1034"}],"wp:term":[{"taxonomy":"category","embeddable":true,"href":"https:\/\/blogdoedvaldomagalhaes.com.br\/index.php\/wp-json\/wp\/v2\/categories?post=1034"},{"taxonomy":"post_tag","embeddable":true,"href":"https:\/\/blogdoedvaldomagalhaes.com.br\/index.php\/wp-json\/wp\/v2\/tags?post=1034"}],"curies":[{"name":"wp","href":"https:\/\/api.w.org\/{rel}","templated":true}]}}