{"id":103391,"date":"2023-12-02T17:38:55","date_gmt":"2023-12-02T20:38:55","guid":{"rendered":"https:\/\/blogdoedvaldomagalhaes.com.br\/?p=103391"},"modified":"2023-12-02T17:38:56","modified_gmt":"2023-12-02T20:38:56","slug":"rodrigo-pinheiro-e-teresa-leitao-discutem-emendas-parlamentares-para-caruaru","status":"publish","type":"post","link":"https:\/\/blogdoedvaldomagalhaes.com.br\/index.php\/2023\/12\/02\/rodrigo-pinheiro-e-teresa-leitao-discutem-emendas-parlamentares-para-caruaru\/","title":{"rendered":"Rodrigo Pinheiro e Teresa Leit\u00e3o discutem emendas parlamentares para Caruaru"},"content":{"rendered":"<p>O prefeito de Caruaru, Rodrigo Pinheiro, e a senadora Teresa Leit\u00e3o reuniram-se, na tarde deste s\u00e1bado (03), no gabinete municipal, para debater iniciativas visando o progresso da cidade. A pauta central foi a destina\u00e7\u00e3o de emendas parlamentares, com o objetivo de impulsionar projetos e investimentos que catalisem o desenvolvimento local.<\/p>\n<p>Durante a reuni\u00e3o, ambos os l\u00edderes pol\u00edticos trocaram ideias sobre as necessidades priorit\u00e1rias do munic\u00edpio. O prefeito destacou os desafios enfrentados pela administra\u00e7\u00e3o municipal e apresentou propostas alinhadas com as demandas da popula\u00e7\u00e3o caruaruense.<\/p>\n<p>A senadora Teresa Leit\u00e3o expressou seu compromisso em colaborar ativamente para garantir recursos federais que fortale\u00e7am setores estrat\u00e9gicos em prol da sociedade, como a indica\u00e7\u00e3o de 400 mil reais para entidades que prestam servi\u00e7os de assist\u00eancia social no munic\u00edpio.<\/p>\n<p>Rodrigo Pinheiro ressaltou a relev\u00e2ncia de um trabalho conjunto entre as esferas governamentais. \u201cAgrade\u00e7o a senadora Teresa e destaco aqui que a uni\u00e3o de esfor\u00e7os \u00e9 fundamental para superar desafios e viabilizar projetos de grande impacto para Caruaru\u201d, disse o prefeito.<br \/>\nFoto: Divulga\u00e7\u00e3o\/Secom.<\/p>\n<p>Siga o Instagram do Blog para comentar @blogdoedvaldomagalhaes<br \/>\nSe inscreva no canal do Blog no You Tube<\/p>\n","protected":false},"excerpt":{"rendered":"<p>O prefeito de Caruaru, Rodrigo Pinheiro, e a senadora Teresa Leit\u00e3o reuniram-se, na tarde deste s\u00e1bado (03), no gabinete municipal,&hellip;<\/p>\n","protected":false},"author":1,"featured_media":103392,"comment_status":"closed","ping_status":"open","sticky":false,"template":"","format":"standard","meta":{"footnotes":""},"categories":[14122],"tags":[28803,2,28801,3406,20,29263],"class_list":["post-103391","post","type-post","status-publish","format-standard","has-post-thumbnail","hentry","category-politica","tag-blog-com-mais-visualizacoes","tag-blog-do-edvaldo-magalhaes","tag-blog-mais-acessado","tag-caruaru","tag-politica","tag-rodrigo-pinheiro-e-teresa-leitao-discutem-emendas-parlamentares-para-caruaru"],"_links":{"self":[{"href":"https:\/\/blogdoedvaldomagalhaes.com.br\/index.php\/wp-json\/wp\/v2\/posts\/103391","targetHints":{"allow":["GET"]}}],"collection":[{"href":"https:\/\/blogdoedvaldomagalhaes.com.br\/index.php\/wp-json\/wp\/v2\/posts"}],"about":[{"href":"https:\/\/blogdoedvaldomagalhaes.com.br\/index.php\/wp-json\/wp\/v2\/types\/post"}],"author":[{"embeddable":true,"href":"https:\/\/blogdoedvaldomagalhaes.com.br\/index.php\/wp-json\/wp\/v2\/users\/1"}],"replies":[{"embeddable":true,"href":"https:\/\/blogdoedvaldomagalhaes.com.br\/index.php\/wp-json\/wp\/v2\/comments?post=103391"}],"version-history":[{"count":1,"href":"https:\/\/blogdoedvaldomagalhaes.com.br\/index.php\/wp-json\/wp\/v2\/posts\/103391\/revisions"}],"predecessor-version":[{"id":103393,"href":"https:\/\/blogdoedvaldomagalhaes.com.br\/index.php\/wp-json\/wp\/v2\/posts\/103391\/revisions\/103393"}],"wp:featuredmedia":[{"embeddable":true,"href":"https:\/\/blogdoedvaldomagalhaes.com.br\/index.php\/wp-json\/wp\/v2\/media\/103392"}],"wp:attachment":[{"href":"https:\/\/blogdoedvaldomagalhaes.com.br\/index.php\/wp-json\/wp\/v2\/media?parent=103391"}],"wp:term":[{"taxonomy":"category","embeddable":true,"href":"https:\/\/blogdoedvaldomagalhaes.com.br\/index.php\/wp-json\/wp\/v2\/categories?post=103391"},{"taxonomy":"post_tag","embeddable":true,"href":"https:\/\/blogdoedvaldomagalhaes.com.br\/index.php\/wp-json\/wp\/v2\/tags?post=103391"}],"curies":[{"name":"wp","href":"https:\/\/api.w.org\/{rel}","templated":true}]}}