{"id":103386,"date":"2023-12-02T15:13:09","date_gmt":"2023-12-02T18:13:09","guid":{"rendered":"https:\/\/blogdoedvaldomagalhaes.com.br\/?p=103386"},"modified":"2023-12-02T22:54:50","modified_gmt":"2023-12-03T01:54:50","slug":"upa-boa-vista-dr-amorim-ganha-destaque-em-concurso-cultural-em-sao-paulo","status":"publish","type":"post","link":"https:\/\/blogdoedvaldomagalhaes.com.br\/index.php\/2023\/12\/02\/upa-boa-vista-dr-amorim-ganha-destaque-em-concurso-cultural-em-sao-paulo\/","title":{"rendered":"UPA Boa Vista Dr. Amorim ganha destaque em concurso cultural em S\u00e3o Paulo"},"content":{"rendered":"<p><span style=\"font-size: revert;\">Equipe representante da UPA Boa Vista Dr. Amorim retorna \u00e0 Caruaru trazendo na bagagem o certificado de destaque em um Concurso Cultural, promovido pelo projeto Sepse nas Upas.<\/span><\/p>\n<p><span style=\"font-size: revert;\">O destaque foi concedido a um videoclipe musical criado pela equipe, onde os servidores da Unidade encenam a trajet\u00f3ria de um paciente com suspeita de sepse junto ao protocolo de cuidados a ser seguido.<\/span><\/p>\n<p>Participa\u00e7\u00e3o das servidoras caruaruenses na 3\u00aa Sess\u00e3o de Aprendizagem Presencial (SAP3), nesta \u00faltima semana de novembro, faz parte da integra\u00e7\u00e3o vivida pelo munic\u00edpio no projeto Sepse nas UPAs.<\/p>\n<p>O projeto foi implantado em Caruaru h\u00e1 2 anos, na UPA Boa Vista, com o incentivo do Minist\u00e9rio da Sa\u00fade e Hospital S\u00edrio Liban\u00eas.<\/p>\n<p>Est\u00e3o representando a cidade nessa viagem as servidoras Alexane Ten\u00f3rio, l\u00edder do projeto, T\u00e2mara Raquel, gerente da UPA Boa Vista, Camila Mota, l\u00edder da enfermagem e Rhayza Tatiane, l\u00edder farmac\u00eautica.<\/p>\n<p><img loading=\"lazy\" decoding=\"async\" class=\"size-full wp-image-103389\" src=\"https:\/\/blogdoedvaldomagalhaes.com.br\/wp-content\/uploads\/2023\/12\/5588a918-36c3-4b3a-a705-58bbb86094de.jpg\" width=\"1024\" height=\"768\" srcset=\"https:\/\/blogdoedvaldomagalhaes.com.br\/wp-content\/uploads\/2023\/12\/5588a918-36c3-4b3a-a705-58bbb86094de.jpg 1024w, https:\/\/blogdoedvaldomagalhaes.com.br\/wp-content\/uploads\/2023\/12\/5588a918-36c3-4b3a-a705-58bbb86094de-300x225.jpg 300w, https:\/\/blogdoedvaldomagalhaes.com.br\/wp-content\/uploads\/2023\/12\/5588a918-36c3-4b3a-a705-58bbb86094de-768x576.jpg 768w, https:\/\/blogdoedvaldomagalhaes.com.br\/wp-content\/uploads\/2023\/12\/5588a918-36c3-4b3a-a705-58bbb86094de-160x120.jpg 160w\" sizes=\"auto, (max-width: 1024px) 100vw, 1024px\" \/><\/p>\n","protected":false},"excerpt":{"rendered":"<p>Equipe representante da UPA Boa Vista Dr. Amorim retorna \u00e0 Caruaru trazendo na bagagem o certificado de destaque em um&hellip;<\/p>\n","protected":false},"author":1,"featured_media":103387,"comment_status":"closed","ping_status":"open","sticky":false,"template":"","format":"standard","meta":{"footnotes":""},"categories":[14120],"tags":[29262,2,28801,3406],"class_list":["post-103386","post","type-post","status-publish","format-standard","has-post-thumbnail","hentry","category-noticias","tag-upa-boa-vista-dr-amorim-ganha-destaque-em-concurso-cultural-em-sao-paulo","tag-blog-do-edvaldo-magalhaes","tag-blog-mais-acessado","tag-caruaru"],"_links":{"self":[{"href":"https:\/\/blogdoedvaldomagalhaes.com.br\/index.php\/wp-json\/wp\/v2\/posts\/103386","targetHints":{"allow":["GET"]}}],"collection":[{"href":"https:\/\/blogdoedvaldomagalhaes.com.br\/index.php\/wp-json\/wp\/v2\/posts"}],"about":[{"href":"https:\/\/blogdoedvaldomagalhaes.com.br\/index.php\/wp-json\/wp\/v2\/types\/post"}],"author":[{"embeddable":true,"href":"https:\/\/blogdoedvaldomagalhaes.com.br\/index.php\/wp-json\/wp\/v2\/users\/1"}],"replies":[{"embeddable":true,"href":"https:\/\/blogdoedvaldomagalhaes.com.br\/index.php\/wp-json\/wp\/v2\/comments?post=103386"}],"version-history":[{"count":4,"href":"https:\/\/blogdoedvaldomagalhaes.com.br\/index.php\/wp-json\/wp\/v2\/posts\/103386\/revisions"}],"predecessor-version":[{"id":103405,"href":"https:\/\/blogdoedvaldomagalhaes.com.br\/index.php\/wp-json\/wp\/v2\/posts\/103386\/revisions\/103405"}],"wp:featuredmedia":[{"embeddable":true,"href":"https:\/\/blogdoedvaldomagalhaes.com.br\/index.php\/wp-json\/wp\/v2\/media\/103387"}],"wp:attachment":[{"href":"https:\/\/blogdoedvaldomagalhaes.com.br\/index.php\/wp-json\/wp\/v2\/media?parent=103386"}],"wp:term":[{"taxonomy":"category","embeddable":true,"href":"https:\/\/blogdoedvaldomagalhaes.com.br\/index.php\/wp-json\/wp\/v2\/categories?post=103386"},{"taxonomy":"post_tag","embeddable":true,"href":"https:\/\/blogdoedvaldomagalhaes.com.br\/index.php\/wp-json\/wp\/v2\/tags?post=103386"}],"curies":[{"name":"wp","href":"https:\/\/api.w.org\/{rel}","templated":true}]}}