{"id":103377,"date":"2023-12-02T11:50:41","date_gmt":"2023-12-02T14:50:41","guid":{"rendered":"https:\/\/blogdoedvaldomagalhaes.com.br\/?p=103377"},"modified":"2023-12-02T12:15:37","modified_gmt":"2023-12-02T15:15:37","slug":"vereador-val-lima-e-secretario-de-obras-andrews-melo-fazem-vistoria-no-loteamento-del-rey-em-caruaru","status":"publish","type":"post","link":"https:\/\/blogdoedvaldomagalhaes.com.br\/index.php\/2023\/12\/02\/vereador-val-lima-e-secretario-de-obras-andrews-melo-fazem-vistoria-no-loteamento-del-rey-em-caruaru\/","title":{"rendered":"Vereador Val Lima e secret\u00e1rio de obras Andrews Melo fazem vistoria no Loteamento Del Rey em Caruaru"},"content":{"rendered":"<p>O vereador Val Lima usou a tribuna da C\u00e2mara de Caruaru e convocou a Comiss\u00e3o de Obras e o Secret\u00e1rio de Infraestrutura Urbana e Obras, Andrews Melo, para visitarem o Loteamento Dell Rey, localizado no bairro Pinheir\u00f3polis. O parlamentar preocupado com a atual situa\u00e7\u00e3o em que se encontra o local, solicitou melhorias como saneamento e limpeza do Rio Ipojuca. Moradores do loteamento acompanharam as autoridades e alegaram que quando chove a \u00e1gua fica represada e alagadas com esgoto a c\u00e9u aberto. O secret\u00e1rio prometeu ao vereador Val Lima que enviar uma equipe para resolver o problema.<\/p>\n<p><img loading=\"lazy\" decoding=\"async\" src=\"https:\/\/blogdoedvaldomagalhaes.com.br\/wp-content\/uploads\/2023\/12\/6a06243b-cecc-4cab-8ce6-5eaf5015b99b-scaled.jpg\" class=\"size-full wp-image-103382\" width=\"2560\" height=\"1440\" srcset=\"https:\/\/blogdoedvaldomagalhaes.com.br\/wp-content\/uploads\/2023\/12\/6a06243b-cecc-4cab-8ce6-5eaf5015b99b-scaled.jpg 2560w, https:\/\/blogdoedvaldomagalhaes.com.br\/wp-content\/uploads\/2023\/12\/6a06243b-cecc-4cab-8ce6-5eaf5015b99b-300x169.jpg 300w, https:\/\/blogdoedvaldomagalhaes.com.br\/wp-content\/uploads\/2023\/12\/6a06243b-cecc-4cab-8ce6-5eaf5015b99b-1024x576.jpg 1024w, https:\/\/blogdoedvaldomagalhaes.com.br\/wp-content\/uploads\/2023\/12\/6a06243b-cecc-4cab-8ce6-5eaf5015b99b-768x432.jpg 768w, https:\/\/blogdoedvaldomagalhaes.com.br\/wp-content\/uploads\/2023\/12\/6a06243b-cecc-4cab-8ce6-5eaf5015b99b-1536x864.jpg 1536w, https:\/\/blogdoedvaldomagalhaes.com.br\/wp-content\/uploads\/2023\/12\/6a06243b-cecc-4cab-8ce6-5eaf5015b99b-2048x1152.jpg 2048w, https:\/\/blogdoedvaldomagalhaes.com.br\/wp-content\/uploads\/2023\/12\/6a06243b-cecc-4cab-8ce6-5eaf5015b99b-1140x641.jpg 1140w, https:\/\/blogdoedvaldomagalhaes.com.br\/wp-content\/uploads\/2023\/12\/6a06243b-cecc-4cab-8ce6-5eaf5015b99b-720x405.jpg 720w\" sizes=\"auto, (max-width: 2560px) 100vw, 2560px\" \/><\/p>\n<p><img loading=\"lazy\" decoding=\"async\" src=\"https:\/\/blogdoedvaldomagalhaes.com.br\/wp-content\/uploads\/2023\/12\/e320fdee-eb08-4529-8f75-6f75b5bb8da2.jpg\" class=\"size-full wp-image-103384\" width=\"2159\" height=\"2350\" srcset=\"https:\/\/blogdoedvaldomagalhaes.com.br\/wp-content\/uploads\/2023\/12\/e320fdee-eb08-4529-8f75-6f75b5bb8da2.jpg 2159w, https:\/\/blogdoedvaldomagalhaes.com.br\/wp-content\/uploads\/2023\/12\/e320fdee-eb08-4529-8f75-6f75b5bb8da2-276x300.jpg 276w, https:\/\/blogdoedvaldomagalhaes.com.br\/wp-content\/uploads\/2023\/12\/e320fdee-eb08-4529-8f75-6f75b5bb8da2-941x1024.jpg 941w, https:\/\/blogdoedvaldomagalhaes.com.br\/wp-content\/uploads\/2023\/12\/e320fdee-eb08-4529-8f75-6f75b5bb8da2-768x836.jpg 768w, https:\/\/blogdoedvaldomagalhaes.com.br\/wp-content\/uploads\/2023\/12\/e320fdee-eb08-4529-8f75-6f75b5bb8da2-1411x1536.jpg 1411w, https:\/\/blogdoedvaldomagalhaes.com.br\/wp-content\/uploads\/2023\/12\/e320fdee-eb08-4529-8f75-6f75b5bb8da2-1882x2048.jpg 1882w\" sizes=\"auto, (max-width: 2159px) 100vw, 2159px\" \/><\/p>\n","protected":false},"excerpt":{"rendered":"<p>O vereador Val Lima usou a tribuna da C\u00e2mara de Caruaru e convocou a Comiss\u00e3o de Obras e o Secret\u00e1rio&hellip;<\/p>\n","protected":false},"author":1,"featured_media":103381,"comment_status":"closed","ping_status":"open","sticky":false,"template":"","format":"standard","meta":{"footnotes":""},"categories":[14122],"tags":[2,28801,3406,20,29261],"class_list":["post-103377","post","type-post","status-publish","format-standard","has-post-thumbnail","hentry","category-politica","tag-blog-do-edvaldo-magalhaes","tag-blog-mais-acessado","tag-caruaru","tag-politica","tag-vereador-val-lima-e-secretario-de-obras-andrews-melo-fazem-vistoria-no-loteamento-del-rey-em-caruaru"],"_links":{"self":[{"href":"https:\/\/blogdoedvaldomagalhaes.com.br\/index.php\/wp-json\/wp\/v2\/posts\/103377","targetHints":{"allow":["GET"]}}],"collection":[{"href":"https:\/\/blogdoedvaldomagalhaes.com.br\/index.php\/wp-json\/wp\/v2\/posts"}],"about":[{"href":"https:\/\/blogdoedvaldomagalhaes.com.br\/index.php\/wp-json\/wp\/v2\/types\/post"}],"author":[{"embeddable":true,"href":"https:\/\/blogdoedvaldomagalhaes.com.br\/index.php\/wp-json\/wp\/v2\/users\/1"}],"replies":[{"embeddable":true,"href":"https:\/\/blogdoedvaldomagalhaes.com.br\/index.php\/wp-json\/wp\/v2\/comments?post=103377"}],"version-history":[{"count":3,"href":"https:\/\/blogdoedvaldomagalhaes.com.br\/index.php\/wp-json\/wp\/v2\/posts\/103377\/revisions"}],"predecessor-version":[{"id":103385,"href":"https:\/\/blogdoedvaldomagalhaes.com.br\/index.php\/wp-json\/wp\/v2\/posts\/103377\/revisions\/103385"}],"wp:featuredmedia":[{"embeddable":true,"href":"https:\/\/blogdoedvaldomagalhaes.com.br\/index.php\/wp-json\/wp\/v2\/media\/103381"}],"wp:attachment":[{"href":"https:\/\/blogdoedvaldomagalhaes.com.br\/index.php\/wp-json\/wp\/v2\/media?parent=103377"}],"wp:term":[{"taxonomy":"category","embeddable":true,"href":"https:\/\/blogdoedvaldomagalhaes.com.br\/index.php\/wp-json\/wp\/v2\/categories?post=103377"},{"taxonomy":"post_tag","embeddable":true,"href":"https:\/\/blogdoedvaldomagalhaes.com.br\/index.php\/wp-json\/wp\/v2\/tags?post=103377"}],"curies":[{"name":"wp","href":"https:\/\/api.w.org\/{rel}","templated":true}]}}