{"id":103374,"date":"2023-12-02T11:34:39","date_gmt":"2023-12-02T14:34:39","guid":{"rendered":"https:\/\/blogdoedvaldomagalhaes.com.br\/?p=103374"},"modified":"2023-12-02T11:36:55","modified_gmt":"2023-12-02T14:36:55","slug":"junior-letal-comemora-sucesso-do-projeto-meus-15-anos-no-bairro-agamenon","status":"publish","type":"post","link":"https:\/\/blogdoedvaldomagalhaes.com.br\/index.php\/2023\/12\/02\/junior-letal-comemora-sucesso-do-projeto-meus-15-anos-no-bairro-agamenon\/","title":{"rendered":"J\u00fanior Letal comemora sucesso do projeto meus 15 anos no bairro Agamenon"},"content":{"rendered":"<p>O presidente da Associa\u00e7\u00e3o de Moradores do bairro Agamenon Magalh\u00e3es, J\u00fanior Letal estar comemorando o sucesso do projeto &#8220;meus 15 anos&#8221; que realizou o sonho de adolescentes da comunidade, promovendo o Baile das Debutantes que aconteceu na noite desta sexta-feira 1, no Cam\u00e9lia recep\u00e7\u00f5es.<\/p>\n<p>As debutantes tiveram direito a tudo que uma festa de 15 anos pode oferecer. M\u00e3es, pais e as aniversariantes principalmente, aprovaram o evento. Foram muitos os depoimentos elogiando a iniciativa, afinal, essa foi a primeira vez na hist\u00f3ria do bairro que algo dessa natureza foi realizado.<\/p>\n<p>&#8220;A sensa\u00e7\u00e3o \u00e9 de felicidade e de miss\u00e3o cumprida. O evento foi maravilhoso, tudo que planejamos foi executado. Foi muito bom poder proporcionar esse momento a essas meninas. O bairro Agamenon tem vivido um novo tempo, e o baile das debutantes realizado ontem, \u00e9 a prova que o trabalho da nossa associa\u00e7\u00e3o tem feito a diferen\u00e7a na comunidade &#8220;, disse J\u00fanior Letal, presidente da AMBAM. Foto: M\u00f4nica Val\u00e9ria<\/p>\n<p>Siga o Instagram do Blog para comentar @blogdoedvaldomagalhaes<br \/>\nSe inscreva no canal do Blog no You Tube<\/p>\n","protected":false},"excerpt":{"rendered":"<p>O presidente da Associa\u00e7\u00e3o de Moradores do bairro Agamenon Magalh\u00e3es, J\u00fanior Letal estar comemorando o sucesso do projeto &#8220;meus 15&hellip;<\/p>\n","protected":false},"author":1,"featured_media":103376,"comment_status":"closed","ping_status":"open","sticky":false,"template":"","format":"standard","meta":{"footnotes":""},"categories":[14120],"tags":[28803,2,28801,3406,29260],"class_list":["post-103374","post","type-post","status-publish","format-standard","has-post-thumbnail","hentry","category-noticias","tag-blog-com-mais-visualizacoes","tag-blog-do-edvaldo-magalhaes","tag-blog-mais-acessado","tag-caruaru","tag-junior-letal-comemora-sucesso-do-projeto-meus-15-anos-no-bairro-agamenon"],"_links":{"self":[{"href":"https:\/\/blogdoedvaldomagalhaes.com.br\/index.php\/wp-json\/wp\/v2\/posts\/103374","targetHints":{"allow":["GET"]}}],"collection":[{"href":"https:\/\/blogdoedvaldomagalhaes.com.br\/index.php\/wp-json\/wp\/v2\/posts"}],"about":[{"href":"https:\/\/blogdoedvaldomagalhaes.com.br\/index.php\/wp-json\/wp\/v2\/types\/post"}],"author":[{"embeddable":true,"href":"https:\/\/blogdoedvaldomagalhaes.com.br\/index.php\/wp-json\/wp\/v2\/users\/1"}],"replies":[{"embeddable":true,"href":"https:\/\/blogdoedvaldomagalhaes.com.br\/index.php\/wp-json\/wp\/v2\/comments?post=103374"}],"version-history":[{"count":1,"href":"https:\/\/blogdoedvaldomagalhaes.com.br\/index.php\/wp-json\/wp\/v2\/posts\/103374\/revisions"}],"predecessor-version":[{"id":103375,"href":"https:\/\/blogdoedvaldomagalhaes.com.br\/index.php\/wp-json\/wp\/v2\/posts\/103374\/revisions\/103375"}],"wp:featuredmedia":[{"embeddable":true,"href":"https:\/\/blogdoedvaldomagalhaes.com.br\/index.php\/wp-json\/wp\/v2\/media\/103376"}],"wp:attachment":[{"href":"https:\/\/blogdoedvaldomagalhaes.com.br\/index.php\/wp-json\/wp\/v2\/media?parent=103374"}],"wp:term":[{"taxonomy":"category","embeddable":true,"href":"https:\/\/blogdoedvaldomagalhaes.com.br\/index.php\/wp-json\/wp\/v2\/categories?post=103374"},{"taxonomy":"post_tag","embeddable":true,"href":"https:\/\/blogdoedvaldomagalhaes.com.br\/index.php\/wp-json\/wp\/v2\/tags?post=103374"}],"curies":[{"name":"wp","href":"https:\/\/api.w.org\/{rel}","templated":true}]}}