{"id":103371,"date":"2023-12-02T11:27:11","date_gmt":"2023-12-02T14:27:11","guid":{"rendered":"https:\/\/blogdoedvaldomagalhaes.com.br\/?p=103371"},"modified":"2023-12-02T11:27:12","modified_gmt":"2023-12-02T14:27:12","slug":"em-evento-da-fiepe-governadora-em-exercicio-priscila-krause-destaca-parceria-do-governo-com-iniciativa-privada-e-preve-2024-com-pe-no-acelerador","status":"publish","type":"post","link":"https:\/\/blogdoedvaldomagalhaes.com.br\/index.php\/2023\/12\/02\/em-evento-da-fiepe-governadora-em-exercicio-priscila-krause-destaca-parceria-do-governo-com-iniciativa-privada-e-preve-2024-com-pe-no-acelerador\/","title":{"rendered":"Em evento da Fiepe, governadora em exerc\u00edcio Priscila Krause destaca parceria do governo com iniciativa privada e prev\u00ea 2024 com p\u00e9 no acelerador"},"content":{"rendered":"<p><span style=\"font-size: revert;\">A governadora em exerc\u00edcio de Pernambuco, Priscila Krause, participou de um encontro com representantes da ind\u00fastria do Estado, em uma casa de eventos no Recife, na noite desta sexta-feira (1\u00ba). Na solenidade, realizada pela Federa\u00e7\u00e3o das Ind\u00fastrias do Estado de Pernambuco (Fiepe), a gestora se reuniu com empres\u00e1rios de diversos setores e destacou conquistas importantes alcan\u00e7adas a partir da parceria entre a gest\u00e3o estadual e os representantes da Fiepe, como por exemplo o compromisso de conclus\u00e3o do ramal Salgueiro-Suape da Ferrovia Transnordestina. A governadora em exerc\u00edcio tamb\u00e9m prestou contas de 2023, \u201co ano da mudan\u00e7a\u201d, e apresentou o portf\u00f3lio de projetos que far\u00e3o de 2024 um ano com muitas realiza\u00e7\u00f5es.<\/span><\/p>\n<p>\u201cA Fiepe cumpre um papel fundamental para o desenvolvimento econ\u00f4mico e social de Pernambuco, exercendo sempre o di\u00e1logo com o setor p\u00fablico. E entre iniciativas de grande porte j\u00e1 garantidas para o Estado eu destaco a Transnordestina, uma reconquista de Pernambuco sob a lideran\u00e7a pol\u00edtica inconteste da governadora Raquel Lyra e a mobiliza\u00e7\u00e3o fundamental da for\u00e7a da Fiepe\u201d, ressaltou a governadora em exerc\u00edcio Priscila Krause.<\/p>\n<p>Ao apresentar algumas iniciativas do Governo de Pernambuco para captar novos investimentos e gerar novos postos de trabalho, a gestora destacou a import\u00e2ncia do setor industrial como vetor de oportunidades. \u201cEm meio a tantos desafios, tamb\u00e9m temos muitas conquistas a celebrar. Pernambuco avan\u00e7a na capta\u00e7\u00e3o de investimentos e realiza\u00e7\u00e3o de obras em todo o Estado, que dinamizam a infraestrutura estadual e promovem a gera\u00e7\u00e3o de emprego e renda. No acumulado dos dez primeiros meses do ano, Pernambuco gerou cerca de 53 mil empregos, segundo o Caged. No \u00faltimo m\u00eas de outubro, mais de oito mil novos postos de trabalho foram gerados, a maior gera\u00e7\u00e3o de empregos do Nordeste, especificamente no setor industrial\u201d, enfatizou.<\/p>\n<p>Priscila Krause afirmou que sob a lideran\u00e7a da governadora Raquel Lyra, o estado organizou as contas do Estado e estabeleceu o fortalecimento do di\u00e1logo perante a governo federal, garantindo R$ 3,4 bilh\u00f5es de opera\u00e7\u00f5es de cr\u00e9dito j\u00e1 contratadas para obras de infraestrutura e reestrutura\u00e7\u00e3o de equipamentos p\u00fablicos.<\/p>\n<p>\u201cEsse foi um ano de muito trabalho e de muitas realiza\u00e7\u00f5es. A Casa de Ind\u00fastria tem promovido pontos importantes de discuss\u00e3o, como foi o caso da obra urgente e indispens\u00e1vel do ramal Salgueiro-Suape da Transnordestina. Conseguimos realizar trabalhos eficientes\u201d, registrou o presidente da Fiepe, Ricardo Essinger.<\/p>\n<p>Estiveram presentes no encontro o presidente em\u00e9rito do sistema Fiepe e ex-senador Armando Monteiro Neto; o presidente da Alepe, \u00c1lvaro Porto; o deputado estadual M\u00e1rio Ricardo; o superintendente do Sebrae, Murilo Guerra; a secret\u00e1ria da Controladoria-Geral do Estado, \u00c9rika Lacet; o assessor especial da governadora, Guilherme Coelho; o presidente da Adepe, Andr\u00e9 Teixeira Filho; a presidente da AGE, Angella Mochel; o presidente do CPRH, Jos\u00e9 Anchieta Santos; o presidente da Fecom\u00e9rcio, Bernardo Peixoto; o presidente do Sinda\u00e7\u00facar-PE, Renato Cunha, al\u00e9m de vereadores do Recife.<\/p>\n<p>Jantar do Clube do Galo 2023<\/p>\n<p>Ap\u00f3s o evento da Fiepe, a governadora em exerc\u00edcio Priscila Krause prestigiou o Jantar do Clube do Galo 2023, promovido pela Associa\u00e7\u00e3o Av\u00edcola de Pernambuco (Avipe), realizado no Recife. Evento tradicional, o encontro \u00e9 uma confraterniza\u00e7\u00e3o da avicultura de Pernambuco. Ao lado do presidente da Avipe, Giulliano Malta, a gestora destacou que o setor produtivo \u00e9 parceiro para o desenvolvimento econ\u00f4mico. <span style=\"font-size: revert;\">Foto: Jana\u00edna Pepeu\/Secom.<\/span><\/p>\n<p>Siga o Instagram do Blog @blogdoedvaldomagalhaes<\/p>\n<p>Se inscreva no canal do Blog no YouTube<\/p>\n","protected":false},"excerpt":{"rendered":"<p>A governadora em exerc\u00edcio de Pernambuco, Priscila Krause, participou de um encontro com representantes da ind\u00fastria do Estado, em uma&hellip;<\/p>\n","protected":false},"author":1,"featured_media":103372,"comment_status":"closed","ping_status":"open","sticky":false,"template":"","format":"standard","meta":{"footnotes":""},"categories":[14122],"tags":[28803,2,28801],"class_list":["post-103371","post","type-post","status-publish","format-standard","has-post-thumbnail","hentry","category-politica","tag-blog-com-mais-visualizacoes","tag-blog-do-edvaldo-magalhaes","tag-blog-mais-acessado"],"_links":{"self":[{"href":"https:\/\/blogdoedvaldomagalhaes.com.br\/index.php\/wp-json\/wp\/v2\/posts\/103371","targetHints":{"allow":["GET"]}}],"collection":[{"href":"https:\/\/blogdoedvaldomagalhaes.com.br\/index.php\/wp-json\/wp\/v2\/posts"}],"about":[{"href":"https:\/\/blogdoedvaldomagalhaes.com.br\/index.php\/wp-json\/wp\/v2\/types\/post"}],"author":[{"embeddable":true,"href":"https:\/\/blogdoedvaldomagalhaes.com.br\/index.php\/wp-json\/wp\/v2\/users\/1"}],"replies":[{"embeddable":true,"href":"https:\/\/blogdoedvaldomagalhaes.com.br\/index.php\/wp-json\/wp\/v2\/comments?post=103371"}],"version-history":[{"count":1,"href":"https:\/\/blogdoedvaldomagalhaes.com.br\/index.php\/wp-json\/wp\/v2\/posts\/103371\/revisions"}],"predecessor-version":[{"id":103373,"href":"https:\/\/blogdoedvaldomagalhaes.com.br\/index.php\/wp-json\/wp\/v2\/posts\/103371\/revisions\/103373"}],"wp:featuredmedia":[{"embeddable":true,"href":"https:\/\/blogdoedvaldomagalhaes.com.br\/index.php\/wp-json\/wp\/v2\/media\/103372"}],"wp:attachment":[{"href":"https:\/\/blogdoedvaldomagalhaes.com.br\/index.php\/wp-json\/wp\/v2\/media?parent=103371"}],"wp:term":[{"taxonomy":"category","embeddable":true,"href":"https:\/\/blogdoedvaldomagalhaes.com.br\/index.php\/wp-json\/wp\/v2\/categories?post=103371"},{"taxonomy":"post_tag","embeddable":true,"href":"https:\/\/blogdoedvaldomagalhaes.com.br\/index.php\/wp-json\/wp\/v2\/tags?post=103371"}],"curies":[{"name":"wp","href":"https:\/\/api.w.org\/{rel}","templated":true}]}}