{"id":103368,"date":"2023-12-02T11:20:34","date_gmt":"2023-12-02T14:20:34","guid":{"rendered":"https:\/\/blogdoedvaldomagalhaes.com.br\/?p=103368"},"modified":"2023-12-02T21:07:16","modified_gmt":"2023-12-03T00:07:16","slug":"cop-28-pernambuco-e-o-unico-estado-do-nordeste-a-participar-de-discussao-com-estados-subnacionais-sobre-acao-climatica-global","status":"publish","type":"post","link":"https:\/\/blogdoedvaldomagalhaes.com.br\/index.php\/2023\/12\/02\/cop-28-pernambuco-e-o-unico-estado-do-nordeste-a-participar-de-discussao-com-estados-subnacionais-sobre-acao-climatica-global\/","title":{"rendered":"COP 28: Pernambuco \u00e9 o \u00fanico estado do Nordeste a participar de discuss\u00e3o com estados subnacionais sobre a\u00e7\u00e3o clim\u00e1tica global"},"content":{"rendered":"<p><span style=\"font-size: revert;\">Em mais um dia de agenda na Confer\u00eancia das Na\u00e7\u00f5es Unidas sobre Mudan\u00e7as Clim\u00e1ticas (COP 28), que acontece em Dubai, nos Emirados \u00c1rabes, a governadora Raquel Lyra participou neste s\u00e1bado (02), de uma mesa redonda com representantes de governos estaduais de diversos pa\u00edses. Durante o encontro, foram debatidos temas que visam fortalecer o papel dos estados na lideran\u00e7a subnacional para fortalecer a a\u00e7\u00e3o clim\u00e1tica global. Governadores, primeiros-ministros e principais l\u00edderes subnacionais da Calif\u00f3rnia, nos Estados Unidos; Andaluzia, na Espanha; e Quer\u00e9taro, no M\u00e9xico, estiveram presentes.<\/span><\/p>\n<p>Pernambuco foi o \u00fanico Estado do Nordeste a participar do encontro. Representantes de Minas Gerais e S\u00e3o Paulo tamb\u00e9m compareceram. \u201cEssa \u00e9 a primeira COP em que h\u00e1 um espa\u00e7o de discuss\u00f5es voltado somente para entes subnacionais promovido pela presid\u00eancia do evento, anteriormente s\u00f3 tinham entre pa\u00edses. Aqui n\u00f3s representamos o Brasil e, principalmente o Nordeste, afirmando o nosso compromisso com a agenda do meio ambiente, mudan\u00e7as clim\u00e1ticas e futuro sustent\u00e1vel. No fim das contas, as a\u00e7\u00f5es precisam acontecer nos pr\u00f3prios territ\u00f3rios\u201d, destacou Raquel Lyra.<\/p>\n<p>Durante a mesa redonda, tamb\u00e9m foram discutidas a neutralidade do carbono at\u00e9 2050. \u201c\u00c9 uma quest\u00e3o que o mundo todo vem debatendo. Isso n\u00e3o vai acontecer enquanto as partes na COP forem somente governos federais\u201d, enfatizou a secret\u00e1ria de Meio Ambiente, Sustentabilidade e de Fernando de Noronha, Ana Luiza Ferreira.<\/p>\n<p>Em seguida, a gestora acompanhou a apresenta\u00e7\u00e3o da COP 30, que ser\u00e1 realizada em 2025 no Brasil, em Bel\u00e9m (Par\u00e1). A divulga\u00e7\u00e3o foi feita pelo presidente da Rep\u00fablica, Luiz In\u00e1cio Lula da Silva. \u201c\u00c9 motivo de muito orgulho saber que o nosso pa\u00eds sediar\u00e1 um movimento t\u00e3o importante no mundo. Temos uma diversidade muito grande e precisamos proteg\u00ea-la\u201d, ressaltou a governadora.<\/p>\n<p>O governador do Par\u00e1, Helder Barbalho, tamb\u00e9m participou do lan\u00e7amento. \u201cSer\u00e1 o momento de n\u00f3s mostrarmos os desafios do nosso pa\u00eds, e as oportunidades extraordin\u00e1rias da nossa gente. Apresentaremos para o mundo o talento e compromisso do Brasil com o meio ambiente\u201d, afirmou.<\/p>\n<p>Tamb\u00e9m estiveram presentes o senador da Rep\u00fablica, Humberto Costa; e o chefe da Secretaria-Geral da Presid\u00eancia da Rep\u00fablica, M\u00e1rcio Mac\u00eado.<\/p>\n<p>Fotos: 1- Divulga\u00e7\u00e3o\/ Secom | 2 e 3 &#8211; Ricardo Stuckert<\/p>\n","protected":false},"excerpt":{"rendered":"<p>Em mais um dia de agenda na Confer\u00eancia das Na\u00e7\u00f5es Unidas sobre Mudan\u00e7as Clim\u00e1ticas (COP 28), que acontece em Dubai,&hellip;<\/p>\n","protected":false},"author":1,"featured_media":103369,"comment_status":"closed","ping_status":"open","sticky":false,"template":"","format":"standard","meta":{"footnotes":""},"categories":[14120],"tags":[28803,2,28801,3406,29259,20295],"class_list":["post-103368","post","type-post","status-publish","format-standard","has-post-thumbnail","hentry","category-noticias","tag-blog-com-mais-visualizacoes","tag-blog-do-edvaldo-magalhaes","tag-blog-mais-acessado","tag-caruaru","tag-cop-28-pernambuco-e-o-unico-estado-do-nordeste-a-participar-de-discussao-com-estados-subnacionais-sobre-acao-climatica-global","tag-politica-2"],"_links":{"self":[{"href":"https:\/\/blogdoedvaldomagalhaes.com.br\/index.php\/wp-json\/wp\/v2\/posts\/103368","targetHints":{"allow":["GET"]}}],"collection":[{"href":"https:\/\/blogdoedvaldomagalhaes.com.br\/index.php\/wp-json\/wp\/v2\/posts"}],"about":[{"href":"https:\/\/blogdoedvaldomagalhaes.com.br\/index.php\/wp-json\/wp\/v2\/types\/post"}],"author":[{"embeddable":true,"href":"https:\/\/blogdoedvaldomagalhaes.com.br\/index.php\/wp-json\/wp\/v2\/users\/1"}],"replies":[{"embeddable":true,"href":"https:\/\/blogdoedvaldomagalhaes.com.br\/index.php\/wp-json\/wp\/v2\/comments?post=103368"}],"version-history":[{"count":1,"href":"https:\/\/blogdoedvaldomagalhaes.com.br\/index.php\/wp-json\/wp\/v2\/posts\/103368\/revisions"}],"predecessor-version":[{"id":103370,"href":"https:\/\/blogdoedvaldomagalhaes.com.br\/index.php\/wp-json\/wp\/v2\/posts\/103368\/revisions\/103370"}],"wp:featuredmedia":[{"embeddable":true,"href":"https:\/\/blogdoedvaldomagalhaes.com.br\/index.php\/wp-json\/wp\/v2\/media\/103369"}],"wp:attachment":[{"href":"https:\/\/blogdoedvaldomagalhaes.com.br\/index.php\/wp-json\/wp\/v2\/media?parent=103368"}],"wp:term":[{"taxonomy":"category","embeddable":true,"href":"https:\/\/blogdoedvaldomagalhaes.com.br\/index.php\/wp-json\/wp\/v2\/categories?post=103368"},{"taxonomy":"post_tag","embeddable":true,"href":"https:\/\/blogdoedvaldomagalhaes.com.br\/index.php\/wp-json\/wp\/v2\/tags?post=103368"}],"curies":[{"name":"wp","href":"https:\/\/api.w.org\/{rel}","templated":true}]}}