{"id":103357,"date":"2023-12-01T20:53:18","date_gmt":"2023-12-01T23:53:18","guid":{"rendered":"https:\/\/blogdoedvaldomagalhaes.com.br\/?p=103357"},"modified":"2023-12-01T21:08:06","modified_gmt":"2023-12-02T00:08:06","slug":"prf-registra-colisoes-nas-brs-232-101-e-428-com-morte-e-feridos-em-pernambuco","status":"publish","type":"post","link":"https:\/\/blogdoedvaldomagalhaes.com.br\/index.php\/2023\/12\/01\/prf-registra-colisoes-nas-brs-232-101-e-428-com-morte-e-feridos-em-pernambuco\/","title":{"rendered":"PRF registra colis\u00f5es nas BRs 232, 101 e 428 com morte e feridos em Pernambuco"},"content":{"rendered":"<p>Por volta das 15h, a PRF foi acionada para atender um sinistro no km 367,7 da BR 232, em Flores.<\/p>\n<p>Foi uma colis\u00e3o frontal entre um carro (Virtus) e uma caminhonete (Toro) com seis feridos.<\/p>\n<p>Havia quatro ocupantes no Virtus e dois na Toro.<\/p>\n<p>Os seis feridos foram encaminhados ao Hospital Eduardo Campos em Serra Talhada.<\/p>\n<p><img loading=\"lazy\" decoding=\"async\" class=\"alignnone size-full wp-image-103360\" src=\"https:\/\/blogdoedvaldomagalhaes.com.br\/wp-content\/uploads\/2023\/12\/img-20231130-wa01367618928783441312337.jpg\" width=\"1280\" height=\"960\" srcset=\"https:\/\/blogdoedvaldomagalhaes.com.br\/wp-content\/uploads\/2023\/12\/img-20231130-wa01367618928783441312337.jpg 1280w, https:\/\/blogdoedvaldomagalhaes.com.br\/wp-content\/uploads\/2023\/12\/img-20231130-wa01367618928783441312337-300x225.jpg 300w, https:\/\/blogdoedvaldomagalhaes.com.br\/wp-content\/uploads\/2023\/12\/img-20231130-wa01367618928783441312337-1024x768.jpg 1024w, https:\/\/blogdoedvaldomagalhaes.com.br\/wp-content\/uploads\/2023\/12\/img-20231130-wa01367618928783441312337-768x576.jpg 768w, https:\/\/blogdoedvaldomagalhaes.com.br\/wp-content\/uploads\/2023\/12\/img-20231130-wa01367618928783441312337-160x120.jpg 160w\" sizes=\"auto, (max-width: 1280px) 100vw, 1280px\" \/><\/p>\n<p>O sinistro ocorreu por volta das 13h30, no Km 68 da BR 101, na Cidade universit\u00e1ria, sentido Jaboat\u00e3o.<\/p>\n<p>Um homem foi atropelado por um carro e faleceu no local.<\/p>\n<p>O motorista permaneceu no local e realizou o teste do baf\u00f4metro, cujo resultado foi normal.<\/p>\n<p>Al\u00e9m da PRF, o IC e IML estiveram no local. A Pol\u00edcia Civil vai investigar o caso.<\/p>\n<p><img loading=\"lazy\" decoding=\"async\" class=\"wp-image-103362 alignnone size-full\" src=\"https:\/\/blogdoedvaldomagalhaes.com.br\/wp-content\/uploads\/2023\/12\/img-20231201-wa00438756153936237744225.jpg\" width=\"1600\" height=\"1204\" srcset=\"https:\/\/blogdoedvaldomagalhaes.com.br\/wp-content\/uploads\/2023\/12\/img-20231201-wa00438756153936237744225.jpg 1600w, https:\/\/blogdoedvaldomagalhaes.com.br\/wp-content\/uploads\/2023\/12\/img-20231201-wa00438756153936237744225-300x226.jpg 300w, https:\/\/blogdoedvaldomagalhaes.com.br\/wp-content\/uploads\/2023\/12\/img-20231201-wa00438756153936237744225-1024x771.jpg 1024w, https:\/\/blogdoedvaldomagalhaes.com.br\/wp-content\/uploads\/2023\/12\/img-20231201-wa00438756153936237744225-768x578.jpg 768w, https:\/\/blogdoedvaldomagalhaes.com.br\/wp-content\/uploads\/2023\/12\/img-20231201-wa00438756153936237744225-1536x1156.jpg 1536w, https:\/\/blogdoedvaldomagalhaes.com.br\/wp-content\/uploads\/2023\/12\/img-20231201-wa00438756153936237744225-160x120.jpg 160w\" sizes=\"auto, (max-width: 1600px) 100vw, 1600px\" \/><\/p>\n<p>O sinistro ocorreu por volta das 5h20, no km 51,5 da BR 101, em Abreu e Lima, na rotat\u00f3ria do Hospital Miguel Arraes.<\/p>\n<p>O motorista de um caminh\u00e3o perdeu o controle do ve\u00edculo e tombou. A carga de compensado de madeira ficou espalhada na pista.<\/p>\n<p>O motorista ficou ferido, a princ\u00edpio sem gravidade, e foi encaminhado para uma unidade de sa\u00fade da regi\u00e3o.<\/p>\n<p>O tr\u00e2nsito est\u00e1 congestionado, mas est\u00e1 fluindo.<\/p>\n<p><img loading=\"lazy\" decoding=\"async\" class=\"wp-image-103364 alignnone size-full\" src=\"https:\/\/blogdoedvaldomagalhaes.com.br\/wp-content\/uploads\/2023\/12\/img-20231201-wa00812675708912196108546.jpg\" width=\"1488\" height=\"954\" srcset=\"https:\/\/blogdoedvaldomagalhaes.com.br\/wp-content\/uploads\/2023\/12\/img-20231201-wa00812675708912196108546.jpg 1488w, https:\/\/blogdoedvaldomagalhaes.com.br\/wp-content\/uploads\/2023\/12\/img-20231201-wa00812675708912196108546-300x192.jpg 300w, https:\/\/blogdoedvaldomagalhaes.com.br\/wp-content\/uploads\/2023\/12\/img-20231201-wa00812675708912196108546-1024x657.jpg 1024w, https:\/\/blogdoedvaldomagalhaes.com.br\/wp-content\/uploads\/2023\/12\/img-20231201-wa00812675708912196108546-768x492.jpg 768w\" sizes=\"auto, (max-width: 1488px) 100vw, 1488px\" \/><\/p>\n<p>O sinistro ocorreu por volta das 7h no km 184 da BR 428 em Petrolina.<\/p>\n<p>Uma moto acessou a BR para realizar um retorno, quando foi atingida por outra moto.<\/p>\n<p>Dois ocupantes de uma moto ficaram feridos e o condutor da outra moto tamb\u00e9m.<\/p>\n<p>Duas v\u00edtimas foram socorrida para o Hospital Universit\u00e1rio e uma para o Hospital Memorial.<\/p>\n<p><img loading=\"lazy\" decoding=\"async\" class=\"wp-image-103366 alignnone size-full\" src=\"https:\/\/blogdoedvaldomagalhaes.com.br\/wp-content\/uploads\/2023\/12\/img-20231201-wa01125302221934890591946.jpg\" width=\"1599\" height=\"899\" srcset=\"https:\/\/blogdoedvaldomagalhaes.com.br\/wp-content\/uploads\/2023\/12\/img-20231201-wa01125302221934890591946.jpg 1599w, https:\/\/blogdoedvaldomagalhaes.com.br\/wp-content\/uploads\/2023\/12\/img-20231201-wa01125302221934890591946-300x169.jpg 300w, https:\/\/blogdoedvaldomagalhaes.com.br\/wp-content\/uploads\/2023\/12\/img-20231201-wa01125302221934890591946-1024x576.jpg 1024w, https:\/\/blogdoedvaldomagalhaes.com.br\/wp-content\/uploads\/2023\/12\/img-20231201-wa01125302221934890591946-768x432.jpg 768w, https:\/\/blogdoedvaldomagalhaes.com.br\/wp-content\/uploads\/2023\/12\/img-20231201-wa01125302221934890591946-1536x864.jpg 1536w, https:\/\/blogdoedvaldomagalhaes.com.br\/wp-content\/uploads\/2023\/12\/img-20231201-wa01125302221934890591946-1140x641.jpg 1140w, https:\/\/blogdoedvaldomagalhaes.com.br\/wp-content\/uploads\/2023\/12\/img-20231201-wa01125302221934890591946-720x405.jpg 720w\" sizes=\"auto, (max-width: 1599px) 100vw, 1599px\" \/><\/p>\n<p>Por volta das 10h50, a PRF foi acionada para atender um sinistro no km 112 da BR 101, no Cabo de Santo Agostinho, no sentido Recife.<\/p>\n<p>O motorista de um caminh\u00e3o perdeu o controle do ve\u00edculo e capotou.<\/p>\n<p>O motorista ficou ferido e foi encaminhado a uma unidade de sa\u00fade<\/p>\n","protected":false},"excerpt":{"rendered":"<p>Por volta das 15h, a PRF foi acionada para atender um sinistro no km 367,7 da BR 232, em Flores.&hellip;<\/p>\n","protected":false},"author":1,"featured_media":103358,"comment_status":"closed","ping_status":"open","sticky":false,"template":"","format":"standard","meta":{"footnotes":""},"categories":[14121],"tags":[28925,2,28801,3406,29258],"class_list":["post-103357","post","type-post","status-publish","format-standard","has-post-thumbnail","hentry","category-policial","tag-blog-comamos-visualizacoes","tag-blog-do-edvaldo-magalhaes","tag-blog-mais-acessado","tag-caruaru","tag-prf-registra-colisoes-nas-br-232-e-101-com-morte-e-feridos"],"_links":{"self":[{"href":"https:\/\/blogdoedvaldomagalhaes.com.br\/index.php\/wp-json\/wp\/v2\/posts\/103357","targetHints":{"allow":["GET"]}}],"collection":[{"href":"https:\/\/blogdoedvaldomagalhaes.com.br\/index.php\/wp-json\/wp\/v2\/posts"}],"about":[{"href":"https:\/\/blogdoedvaldomagalhaes.com.br\/index.php\/wp-json\/wp\/v2\/types\/post"}],"author":[{"embeddable":true,"href":"https:\/\/blogdoedvaldomagalhaes.com.br\/index.php\/wp-json\/wp\/v2\/users\/1"}],"replies":[{"embeddable":true,"href":"https:\/\/blogdoedvaldomagalhaes.com.br\/index.php\/wp-json\/wp\/v2\/comments?post=103357"}],"version-history":[{"count":5,"href":"https:\/\/blogdoedvaldomagalhaes.com.br\/index.php\/wp-json\/wp\/v2\/posts\/103357\/revisions"}],"predecessor-version":[{"id":103367,"href":"https:\/\/blogdoedvaldomagalhaes.com.br\/index.php\/wp-json\/wp\/v2\/posts\/103357\/revisions\/103367"}],"wp:featuredmedia":[{"embeddable":true,"href":"https:\/\/blogdoedvaldomagalhaes.com.br\/index.php\/wp-json\/wp\/v2\/media\/103358"}],"wp:attachment":[{"href":"https:\/\/blogdoedvaldomagalhaes.com.br\/index.php\/wp-json\/wp\/v2\/media?parent=103357"}],"wp:term":[{"taxonomy":"category","embeddable":true,"href":"https:\/\/blogdoedvaldomagalhaes.com.br\/index.php\/wp-json\/wp\/v2\/categories?post=103357"},{"taxonomy":"post_tag","embeddable":true,"href":"https:\/\/blogdoedvaldomagalhaes.com.br\/index.php\/wp-json\/wp\/v2\/tags?post=103357"}],"curies":[{"name":"wp","href":"https:\/\/api.w.org\/{rel}","templated":true}]}}