{"id":103354,"date":"2023-12-01T17:50:55","date_gmt":"2023-12-01T20:50:55","guid":{"rendered":"https:\/\/blogdoedvaldomagalhaes.com.br\/?p=103354"},"modified":"2023-12-01T17:50:57","modified_gmt":"2023-12-01T20:50:57","slug":"cop-28-pernambuco-ingressa-no-consorcio-brasil-verde-articulacao-interestadual-de-desenvolvimento-sustentavel","status":"publish","type":"post","link":"https:\/\/blogdoedvaldomagalhaes.com.br\/index.php\/2023\/12\/01\/cop-28-pernambuco-ingressa-no-consorcio-brasil-verde-articulacao-interestadual-de-desenvolvimento-sustentavel\/","title":{"rendered":"COP 28: Pernambuco ingressa no Cons\u00f3rcio Brasil Verde, articula\u00e7\u00e3o interestadual de desenvolvimento sustent\u00e1vel"},"content":{"rendered":"<p>O Governo de Pernambuco aderiu ao Cons\u00f3rcio Brasil Verde, iniciativa que re\u00fane pol\u00edticas conjuntas entre os estados para promover o desenvolvimento de cadeias econ\u00f4micas, fortalecendo a governan\u00e7a socioambiental. O an\u00fancio foi feito pela governadora Raquel Lyra durante a 28\u00aa edi\u00e7\u00e3o da Confer\u00eancia das Na\u00e7\u00f5es Unidas sobre Mudan\u00e7as Clim\u00e1ticas (COP 28), que ocorre em Dubai.<\/p>\n<p>&#8220;O Nordeste brasileiro tem muito potencial, s\u00f3 precisamos ter a capacidade de nos unir para garantir os investimentos necess\u00e1rios. Investir em pesquisas, tecnologia e educa\u00e7\u00e3o para que a gente possa ser o que o mundo espera de n\u00f3s. Ent\u00e3o \u00e9 fundamental que os entes subnacionais possam colocar de maneira muito eficaz as suas metas e indicadores das iniciativas verde-econ\u00f4micas e focar na nova matriz econ\u00f4mica que o mundo nos exige&#8221;, destacou Raquel Lyra.<\/p>\n<p>O Cons\u00f3rcio Brasil Verde foi institu\u00eddo em 2021 pela coaliz\u00e3o Governadores pelo Clima. O objetivo \u00e9 promover a\u00e7\u00f5es de regenera\u00e7\u00e3o ambiental e prote\u00e7\u00e3o das popula\u00e7\u00f5es mais vulner\u00e1veis dos riscos associados \u00e0s mudan\u00e7as clim\u00e1ticas. A partir do Cons\u00f3rcio, os estados participantes trabalham de maneira conjunta, fortalecendo a governan\u00e7a clim\u00e1tica e buscando financiamentos internacionais para os projetos desenvolvidos.<\/p>\n<p>Participam do Cons\u00f3rcio Verde os estados do Acre, Amap\u00e1, Bahia, Esp\u00edrito Santo, Goi\u00e1s, Maranh\u00e3o, Mato Grosso, Mato Grosso do Sul, Minas Gerais, Par\u00e1, Para\u00edba, Paran\u00e1, Pernambuco, Piau\u00ed, Rio de Janeiro, Rio Grande do Norte, Rio Grande do Sul, Santa Catarina, S\u00e3o Paulo, Sergipe, al\u00e9m do Distrito Federal.<\/p>\n<p>A secret\u00e1ria de Meio Ambiente, Sustentabilidade e de Fernando de Noronha de Pernambuco (Semas-PE), Ana Luiza Ferreira, destaca que iniciativas como essa promovem o desenvolvimento econ\u00f4mico garantindo o olhar para a sustentabilidade. &#8220;Vemos os eventos clim\u00e1ticos extremos, que j\u00e1 s\u00e3o realidade em todo o mundo e em Pernambuco n\u00e3o \u00e9 diferente, assim como os eventos sociais extremos, a guerra, a viol\u00eancia e a inseguran\u00e7a. E esse cen\u00e1rio dificulta a pr\u00f3pria economia. Ent\u00e3o, fazer projetos de desenvolvimento econ\u00f4mico, mas que tenham, realmente, um lastro forte, social e ambiental \u00e9 o que faz a economia crescer de forma saud\u00e1vel&#8221;, disse.<\/p>\n<p>Na primeira agenda da manh\u00e3, a chefe do Executivo estadual participou da  mesa redonda \u201cGWEC &#8211; Cons\u00f3rcio Nordeste e ABEE\u00f3lica&#8221;, no Pavilh\u00e3o Global Wind Energy Council. Na ocasi\u00e3o, foram discutidos com outros governos do Nordeste, o potencial para produ\u00e7\u00e3o de energia e\u00f3lica da regi\u00e3o. A mesa foi uma co-organiza\u00e7\u00e3o da Global Wind Energy Council (GWEC) com a Associa\u00e7\u00e3o Brasileira de Energia E\u00f3lica (Abee\u00f3lica), na qual teve como mediadora a presidente da ABEE\u00f3lica, Elbia Gannoum.<\/p>\n<p>A participa\u00e7\u00e3o da governadora ocorre a convite da Bloomberg Foundation, organiza\u00e7\u00e3o que custeou a participa\u00e7\u00e3o de l\u00edderes de todas as regi\u00f5es do mundo no evento. Estiveram presentes os secret\u00e1rios estaduais Ana Luiza Ferreira (Meio Ambiente), Guilherme Cavalcanti (Desenvolvimento Econ\u00f4mico) e Rodolfo Costa Pinto (Comunica\u00e7\u00e3o).<br \/>\nFoto: Divulga\u00e7\u00e3o.<\/p>\n<p>Siga o Instagram do Blog @blogdoedvaldomagalhaes<br \/>\nSe inscreva no canal do Blog no You tube<\/p>\n","protected":false},"excerpt":{"rendered":"<p>O Governo de Pernambuco aderiu ao Cons\u00f3rcio Brasil Verde, iniciativa que re\u00fane pol\u00edticas conjuntas entre os estados para promover o&hellip;<\/p>\n","protected":false},"author":1,"featured_media":103355,"comment_status":"closed","ping_status":"open","sticky":false,"template":"","format":"standard","meta":{"footnotes":""},"categories":[14122],"tags":[28803,2,28801,3406,29257],"class_list":["post-103354","post","type-post","status-publish","format-standard","has-post-thumbnail","hentry","category-politica","tag-blog-com-mais-visualizacoes","tag-blog-do-edvaldo-magalhaes","tag-blog-mais-acessado","tag-caruaru","tag-cop-28-pernambuco-ingressa-no-consorcio-brasil-verde-articulacao-interestadual-de-desenvolvimento-sustentavel"],"_links":{"self":[{"href":"https:\/\/blogdoedvaldomagalhaes.com.br\/index.php\/wp-json\/wp\/v2\/posts\/103354","targetHints":{"allow":["GET"]}}],"collection":[{"href":"https:\/\/blogdoedvaldomagalhaes.com.br\/index.php\/wp-json\/wp\/v2\/posts"}],"about":[{"href":"https:\/\/blogdoedvaldomagalhaes.com.br\/index.php\/wp-json\/wp\/v2\/types\/post"}],"author":[{"embeddable":true,"href":"https:\/\/blogdoedvaldomagalhaes.com.br\/index.php\/wp-json\/wp\/v2\/users\/1"}],"replies":[{"embeddable":true,"href":"https:\/\/blogdoedvaldomagalhaes.com.br\/index.php\/wp-json\/wp\/v2\/comments?post=103354"}],"version-history":[{"count":1,"href":"https:\/\/blogdoedvaldomagalhaes.com.br\/index.php\/wp-json\/wp\/v2\/posts\/103354\/revisions"}],"predecessor-version":[{"id":103356,"href":"https:\/\/blogdoedvaldomagalhaes.com.br\/index.php\/wp-json\/wp\/v2\/posts\/103354\/revisions\/103356"}],"wp:featuredmedia":[{"embeddable":true,"href":"https:\/\/blogdoedvaldomagalhaes.com.br\/index.php\/wp-json\/wp\/v2\/media\/103355"}],"wp:attachment":[{"href":"https:\/\/blogdoedvaldomagalhaes.com.br\/index.php\/wp-json\/wp\/v2\/media?parent=103354"}],"wp:term":[{"taxonomy":"category","embeddable":true,"href":"https:\/\/blogdoedvaldomagalhaes.com.br\/index.php\/wp-json\/wp\/v2\/categories?post=103354"},{"taxonomy":"post_tag","embeddable":true,"href":"https:\/\/blogdoedvaldomagalhaes.com.br\/index.php\/wp-json\/wp\/v2\/tags?post=103354"}],"curies":[{"name":"wp","href":"https:\/\/api.w.org\/{rel}","templated":true}]}}