{"id":103351,"date":"2023-12-01T17:45:44","date_gmt":"2023-12-01T20:45:44","guid":{"rendered":"https:\/\/blogdoedvaldomagalhaes.com.br\/?p=103351"},"modified":"2023-12-01T17:45:45","modified_gmt":"2023-12-01T20:45:45","slug":"cop-28-pernambuco-garante-r-60-milhoes-para-preservacao-da-caatinga-pelo-programa-floresta-viva","status":"publish","type":"post","link":"https:\/\/blogdoedvaldomagalhaes.com.br\/index.php\/2023\/12\/01\/cop-28-pernambuco-garante-r-60-milhoes-para-preservacao-da-caatinga-pelo-programa-floresta-viva\/","title":{"rendered":"COP 28: Pernambuco garante R$ 60 milh\u00f5es para preserva\u00e7\u00e3o da Caatinga pelo Programa Floresta Viva"},"content":{"rendered":"<p>A governadora Raquel Lyra anunciou, durante a 28\u00aa edi\u00e7\u00e3o da Confer\u00eancia das Na\u00e7\u00f5es Unidas sobre Mudan\u00e7as Clim\u00e1ticas (COP 28), o investimento de R$ 60 milh\u00f5es que ser\u00e3o aplicados na preserva\u00e7\u00e3o da Caatinga. Do montante, R$ 30 milh\u00f5es s\u00e3o de recursos pr\u00f3prios do Governo do Estado e os outros R$ 30 milh\u00f5es foram assinados, na manh\u00e3 desta sexta-feira (1\u00b0), junto ao Banco Nacional de Desenvolvimento Econ\u00f4mico e Social (BNDES), em Dubai, nos Emirados \u00c1rabes, onde ocorre a Confer\u00eancia. Pernambuco \u00e9 o primeiro estado do Nordeste a aderir ao Programa Floresta Viva com foco em regenerar a Caatinga.<\/p>\n<p>&#8220;Estamos garantindo R$ 60 milh\u00f5es para regenerar a Caatinga por meio do Programa Floresta Viva do BNDES, que est\u00e1 sendo assinado pela primeira vez no Nordeste com foco neste bioma. N\u00e3o s\u00f3 para a gente garantir as a preserva\u00e7\u00e3o das esp\u00e9cies nativas, mas tamb\u00e9m trabalharmos esse bioma que \u00e9 \u00fanico e exclusivo do Brasil. Iremos investir em pesquisa, preserva\u00e7\u00e3o das esp\u00e9cies nativas, considerando, claro, os aspectos sociais, culturais e econ\u00f4micos. Agrade\u00e7o ao BNDES e ao presidente Aloizio Mercadante pela parceria&#8221;, destacou Raquel Lyra.<\/p>\n<p>Pernambuco \u00e9 o primeiro estado do Brasil a assinar o Floresta Viva na Caatinga e o primeiro do Nordeste a se comprometer com a recupera\u00e7\u00e3o deste bioma, que tem hoje 50% de sua cobertura vegetal em estado de degrada\u00e7\u00e3o. Os R$ 30 milh\u00f5es de aporte do Governo do Estado s\u00e3o recursos oriundos de compensa\u00e7\u00e3o ambiental da Ag\u00eancia Estadual de Meio Ambiente (CPRH).<\/p>\n<p>A iniciativa faz parte do programa nacional do BNDES chamado Floresta Viva. O banco provoca empresas e governos para o apoio financeiro a projetos de restaura\u00e7\u00e3o ecol\u00f3gica das esp\u00e9cies nativas dos ecossistemas brasileiros. Al\u00e9m da recupera\u00e7\u00e3o ecol\u00f3gica, o Floresta Viva tamb\u00e9m est\u00e1 focado no fortalecimento da estrutura t\u00e9cnica e de gest\u00e3o da cadeia produtiva do setor de restaura\u00e7\u00e3o.<\/p>\n<p>&#8220;A Caatinga \u00e9 um bioma que por muito tempo foi confundido com pobreza e escassez. E estamos firmando essa parceria com o BNDES, por meio do Floresta Viva, sendo o primeiro estado a ter como foco o recaatingamento, restaurando as esp\u00e9cies nativas&#8221;, afirmou a secret\u00e1ria de Meio Ambiente, Sustentabilidade e de Fernando de Noronha de Pernambuco (Semas-PE), Ana Luiza Ferreira.<\/p>\n<p>O investimento tem como objetivo frear a degrada\u00e7\u00e3o do solo e os efeitos das mudan\u00e7as clim\u00e1ticas que intensificam a desertifica\u00e7\u00e3o em grande parte de suas \u00e1reas. Al\u00e9m disso, ser\u00e1 realizada a preserva\u00e7\u00e3o da biodiversidade garantindo a sustentabilidade das comunidades tradicionais que dependem diretamente da caatinga para subsist\u00eancia.<\/p>\n<p>O presidente do BNDES, Aloizio Mercadante, explicou que a preserva\u00e7\u00e3o da Caatinga tem um papel decisivo na prote\u00e7\u00e3o das esp\u00e9cies resilientes. &#8220;Quero parabenizar esse olhar atento ao futuro do Governo de Pernambuco. N\u00f3s estamos vivendo uma crise clim\u00e1tica grave, os extremos clim\u00e1ticos est\u00e3o se acentuando. E nesse processo de aquecimento global, a Caatinga pode ser o caminho do futuro. Por ser um bioma agredido pela seca, pode servir para proteger as esp\u00e9cies resilientes que podem regenerar outras regi\u00f5es. Ent\u00e3o a vis\u00e3o de Pernambuco \u00e9 ir mais fundo em pesquisas nesse caminho para regenerar, fortalecer e enfrentar a diversidade de um bioma que pode ser fundamental para o futuro da humanidade&#8221;, destacou.<\/p>\n<p>Em Pernambuco, a Caatinga \u00e9 predominante nas regi\u00f5es do Agreste e Sert\u00e3o. Pernambuco possui 135 munic\u00edpios nas \u00e1reas suscet\u00edveis \u00e0 desertifica\u00e7\u00e3o (ASD), onde vivem mais de 2,5 milh\u00f5es de habitantes.<br \/>\nFoto: Divulga\u00e7\u00e3o.<\/p>\n<p>Siga o Instagram do Blog para comentar @blogdoedvaldomagalhaes<br \/>\nSe inscreva no canal do Blog no You tube<\/p>\n","protected":false},"excerpt":{"rendered":"<p>A governadora Raquel Lyra anunciou, durante a 28\u00aa edi\u00e7\u00e3o da Confer\u00eancia das Na\u00e7\u00f5es Unidas sobre Mudan\u00e7as Clim\u00e1ticas (COP 28), o&hellip;<\/p>\n","protected":false},"author":1,"featured_media":103352,"comment_status":"closed","ping_status":"open","sticky":false,"template":"","format":"standard","meta":{"footnotes":""},"categories":[14122],"tags":[28803,2,28801,3406,29256,20],"class_list":["post-103351","post","type-post","status-publish","format-standard","has-post-thumbnail","hentry","category-politica","tag-blog-com-mais-visualizacoes","tag-blog-do-edvaldo-magalhaes","tag-blog-mais-acessado","tag-caruaru","tag-cop-28-pernambuco-garante-r-60-milhoes-para-preservacao-da-caatinga-pelo-programa-floresta-viva","tag-politica"],"_links":{"self":[{"href":"https:\/\/blogdoedvaldomagalhaes.com.br\/index.php\/wp-json\/wp\/v2\/posts\/103351","targetHints":{"allow":["GET"]}}],"collection":[{"href":"https:\/\/blogdoedvaldomagalhaes.com.br\/index.php\/wp-json\/wp\/v2\/posts"}],"about":[{"href":"https:\/\/blogdoedvaldomagalhaes.com.br\/index.php\/wp-json\/wp\/v2\/types\/post"}],"author":[{"embeddable":true,"href":"https:\/\/blogdoedvaldomagalhaes.com.br\/index.php\/wp-json\/wp\/v2\/users\/1"}],"replies":[{"embeddable":true,"href":"https:\/\/blogdoedvaldomagalhaes.com.br\/index.php\/wp-json\/wp\/v2\/comments?post=103351"}],"version-history":[{"count":1,"href":"https:\/\/blogdoedvaldomagalhaes.com.br\/index.php\/wp-json\/wp\/v2\/posts\/103351\/revisions"}],"predecessor-version":[{"id":103353,"href":"https:\/\/blogdoedvaldomagalhaes.com.br\/index.php\/wp-json\/wp\/v2\/posts\/103351\/revisions\/103353"}],"wp:featuredmedia":[{"embeddable":true,"href":"https:\/\/blogdoedvaldomagalhaes.com.br\/index.php\/wp-json\/wp\/v2\/media\/103352"}],"wp:attachment":[{"href":"https:\/\/blogdoedvaldomagalhaes.com.br\/index.php\/wp-json\/wp\/v2\/media?parent=103351"}],"wp:term":[{"taxonomy":"category","embeddable":true,"href":"https:\/\/blogdoedvaldomagalhaes.com.br\/index.php\/wp-json\/wp\/v2\/categories?post=103351"},{"taxonomy":"post_tag","embeddable":true,"href":"https:\/\/blogdoedvaldomagalhaes.com.br\/index.php\/wp-json\/wp\/v2\/tags?post=103351"}],"curies":[{"name":"wp","href":"https:\/\/api.w.org\/{rel}","templated":true}]}}