{"id":103348,"date":"2023-12-01T15:09:40","date_gmt":"2023-12-01T18:09:40","guid":{"rendered":"https:\/\/blogdoedvaldomagalhaes.com.br\/?p=103348"},"modified":"2023-12-01T15:09:41","modified_gmt":"2023-12-01T18:09:41","slug":"caravana-da-saude-e-cidadania-estara-no-bairro-rendeiras-neste-sabado-02","status":"publish","type":"post","link":"https:\/\/blogdoedvaldomagalhaes.com.br\/index.php\/2023\/12\/01\/caravana-da-saude-e-cidadania-estara-no-bairro-rendeiras-neste-sabado-02\/","title":{"rendered":"Caravana da Sa\u00fade e Cidadania estar\u00e1 no bairro Rendeiras neste s\u00e1bado (02)"},"content":{"rendered":"<p><span style=\"font-size: revert;\">A Prefeitura de Caruaru realiza, neste s\u00e1bado (02), a terceira Caravana da Sa\u00fade e Cidadania. Desta vez, a a\u00e7\u00e3o ser\u00e1 na pra\u00e7a do Bairro das Rendeiras, em frente \u00e0 Matriz de Nossa Senhora Aparecida, que fica na Avenida Major Jo\u00e3o Coelho, das 08h \u00e0s 12h. O projeto realizado de modo intersetorial, gerenciado pelas secretarias municipais de Sa\u00fade (SMS) e de Desenvolvimento Social e Direitos Humanos (SDSDH), conta com o apoio das demais secretarias da prefeitura para chegar mais perto da popula\u00e7\u00e3o com a oferta de diversos servi\u00e7os municipais.<\/span><\/p>\n<p>Ser\u00e3o disponibilizados diversos servi\u00e7os de sa\u00fade e cidadania, como: atendimento odontol\u00f3gico, ultrassonografias (pacientes previamente agendados), teste r\u00e1pidos de HIV, s\u00edfilis e hepatite, vacina\u00e7\u00e3o humana, vacina\u00e7\u00e3o antirr\u00e1bica animal, pr\u00e1ticas integrativas de ventosaterapia e auriculoterapia; atendimentos do Cad\u00danico (Bolsa Fam\u00edlia) e do Sistema de Benef\u00edcios (Sibec), agendamento para emiss\u00e3o de RG e da Carteira do Idoso, orienta\u00e7\u00e3o para Tarifa Social; ado\u00e7\u00e3o, castra\u00e7\u00e3o e consultas para c\u00e3es e gatos; Balc\u00e3o de Acolhimento \u00e0 Mulher (servi\u00e7os psicossociais e jur\u00eddicos), informa\u00e7\u00f5es sobre os programas Profissionaliza + Mulher e Pr\u00f3-Emprego, esmalta\u00e7\u00e3o e massagem com as alunas do Profissionaliza + Mulher; orienta\u00e7\u00f5es da URB para regulariza\u00e7\u00e3o de im\u00f3veis, entre muitas outras; Unidade M\u00f3vel do Procon com servi\u00e7os de regulariza\u00e7\u00e3o financeira, orienta\u00e7\u00e3o e registros de reclama\u00e7\u00f5es para os moradores.<\/p>\n<p>\u201cSer\u00e1 uma forma de levar para mais perto dos moradores do Bairro das Rendeiras e toda aquela regi\u00e3o, a amplia\u00e7\u00e3o desses servi\u00e7os que a prefeitura j\u00e1 oferece. \u00c9 uma oportunidade de deixar a sa\u00fade em dia, assim como tamb\u00e9m ter acesso aos servi\u00e7os de cidadania como um todo, que ser\u00e3o oferecidos\u201d, enfatizou o secret\u00e1rio de Sa\u00fade de Caruaru, George Veloso.<\/p>\n<p>Siga o Instagram do Blog @blogdoedvaldomagalhaes<\/p>\n<p>Se inscreva no canal do Blog no YouTube<\/p>\n<p>.<\/p>\n","protected":false},"excerpt":{"rendered":"<p>A Prefeitura de Caruaru realiza, neste s\u00e1bado (02), a terceira Caravana da Sa\u00fade e Cidadania. Desta vez, a a\u00e7\u00e3o ser\u00e1&hellip;<\/p>\n","protected":false},"author":1,"featured_media":103349,"comment_status":"closed","ping_status":"open","sticky":false,"template":"","format":"standard","meta":{"footnotes":""},"categories":[14120],"tags":[28803,2,28801],"class_list":["post-103348","post","type-post","status-publish","format-standard","has-post-thumbnail","hentry","category-noticias","tag-blog-com-mais-visualizacoes","tag-blog-do-edvaldo-magalhaes","tag-blog-mais-acessado"],"_links":{"self":[{"href":"https:\/\/blogdoedvaldomagalhaes.com.br\/index.php\/wp-json\/wp\/v2\/posts\/103348","targetHints":{"allow":["GET"]}}],"collection":[{"href":"https:\/\/blogdoedvaldomagalhaes.com.br\/index.php\/wp-json\/wp\/v2\/posts"}],"about":[{"href":"https:\/\/blogdoedvaldomagalhaes.com.br\/index.php\/wp-json\/wp\/v2\/types\/post"}],"author":[{"embeddable":true,"href":"https:\/\/blogdoedvaldomagalhaes.com.br\/index.php\/wp-json\/wp\/v2\/users\/1"}],"replies":[{"embeddable":true,"href":"https:\/\/blogdoedvaldomagalhaes.com.br\/index.php\/wp-json\/wp\/v2\/comments?post=103348"}],"version-history":[{"count":1,"href":"https:\/\/blogdoedvaldomagalhaes.com.br\/index.php\/wp-json\/wp\/v2\/posts\/103348\/revisions"}],"predecessor-version":[{"id":103350,"href":"https:\/\/blogdoedvaldomagalhaes.com.br\/index.php\/wp-json\/wp\/v2\/posts\/103348\/revisions\/103350"}],"wp:featuredmedia":[{"embeddable":true,"href":"https:\/\/blogdoedvaldomagalhaes.com.br\/index.php\/wp-json\/wp\/v2\/media\/103349"}],"wp:attachment":[{"href":"https:\/\/blogdoedvaldomagalhaes.com.br\/index.php\/wp-json\/wp\/v2\/media?parent=103348"}],"wp:term":[{"taxonomy":"category","embeddable":true,"href":"https:\/\/blogdoedvaldomagalhaes.com.br\/index.php\/wp-json\/wp\/v2\/categories?post=103348"},{"taxonomy":"post_tag","embeddable":true,"href":"https:\/\/blogdoedvaldomagalhaes.com.br\/index.php\/wp-json\/wp\/v2\/tags?post=103348"}],"curies":[{"name":"wp","href":"https:\/\/api.w.org\/{rel}","templated":true}]}}