{"id":103345,"date":"2023-12-01T14:57:59","date_gmt":"2023-12-01T17:57:59","guid":{"rendered":"https:\/\/blogdoedvaldomagalhaes.com.br\/?p=103345"},"modified":"2023-12-01T14:58:00","modified_gmt":"2023-12-01T17:58:00","slug":"show-gratuito-de-frei-gilson-promete-levar-multidao-a-panelas-no-agreste-pe","status":"publish","type":"post","link":"https:\/\/blogdoedvaldomagalhaes.com.br\/index.php\/2023\/12\/01\/show-gratuito-de-frei-gilson-promete-levar-multidao-a-panelas-no-agreste-pe\/","title":{"rendered":"Show gratuito de Frei Gilson promete levar multid\u00e3o a Panelas no Agreste-PE"},"content":{"rendered":"<p><span style=\"font-size: revert;\">O religioso cat\u00f3lico que arrasta multid\u00f5es por onde passa, Frei Gilson , sacerdote l\u00edder do minist\u00e9rio Som do Monte, estar\u00e1 em Panelas, agreste de Pernambuco, na pr\u00f3xima ter\u00e7a feira dia 05 de dezembro. Esta \u00e9 a primeira vez que o religioso que re\u00fane milh\u00f5es de seguidores em suas transmiss\u00f5es se apresenta na cidade natal de sua fam\u00edlia.<\/span><\/p>\n<p>A programa\u00e7\u00e3o, que come\u00e7ar\u00e1 \u00e0s 16h, conta com a ora\u00e7\u00e3o do ros\u00e1rio, celebra\u00e7\u00e3o da Santa Missa, prega\u00e7\u00e3o e show musical. O evento ser\u00e1 gratuito e acontecer\u00e1 na Pra\u00e7a Governador Eduardo Campos, no centro de Panelas.<\/p>\n<p>A vinda do sacerdote \u00e9 promovida pela Par\u00f3quia do Senhor Bom Jesus dos Rem\u00e9dios e conta com o apoio da prefeitura da cidade. Padre Poul Anderson, organizador do evento destaca que caravanas de todas as regi\u00f5es de Pernambucos e at\u00e9 de outros estados est\u00e3o se mobilizando para comparecer ao evento.<\/p>\n<p>Frei Gilson<br \/>\nO religioso cat\u00f3lico re\u00fane milh\u00f5es de ouvintes nas plataformas de streaming. o frade carmelita \u00e9 conhecido tamb\u00e9m pela ora\u00e7\u00e3o do Santo Ros\u00e1rio durante as madrugadas, que \u00e9 transmitida pelas redes sociais. Entre as can\u00e7\u00f5es mais famosas est\u00e3o: &#8220;Eu Seguirei&#8221; e &#8220;Tu \u00c9s o Centro&#8221;.<\/p>\n<p>Programa\u00e7\u00e3o<br \/>\n16:00h \u2013 Santo Ros\u00e1rio \u2013 Frei Gilson em frente Igreja do Bom Jesus<br \/>\n18:00h \u2013 Missa Campal com Frei Gilson, Padre Poul Anderson e convidados<br \/>\n20:00h \u2013 Show com Frei Gilson, no palco montado no centro da cidade.<\/p>\n<p>Para os profissionais de imprensa interessados em cobrir o evento, uma coletiva com religioso ser\u00e1 realizada \u00e0s 15h, no Sal\u00e3o Paroquial da Matriz<\/p>\n<p>Siga o Instagram do Blog para comentar @lbogdoedvaldomagalhaes<\/p>\n<p>Se inscreva no canal do Blog no YouTube<\/p>\n","protected":false},"excerpt":{"rendered":"<p>O religioso cat\u00f3lico que arrasta multid\u00f5es por onde passa, Frei Gilson , sacerdote l\u00edder do minist\u00e9rio Som do Monte, estar\u00e1&hellip;<\/p>\n","protected":false},"author":1,"featured_media":103346,"comment_status":"closed","ping_status":"open","sticky":false,"template":"","format":"standard","meta":{"footnotes":""},"categories":[14120],"tags":[28803,2,28801,3406,29255],"class_list":["post-103345","post","type-post","status-publish","format-standard","has-post-thumbnail","hentry","category-noticias","tag-blog-com-mais-visualizacoes","tag-blog-do-edvaldo-magalhaes","tag-blog-mais-acessado","tag-caruaru","tag-show-gratuito-de-frei-gilson-promete-levar-multidao-a-panelas-no-agreste"],"_links":{"self":[{"href":"https:\/\/blogdoedvaldomagalhaes.com.br\/index.php\/wp-json\/wp\/v2\/posts\/103345","targetHints":{"allow":["GET"]}}],"collection":[{"href":"https:\/\/blogdoedvaldomagalhaes.com.br\/index.php\/wp-json\/wp\/v2\/posts"}],"about":[{"href":"https:\/\/blogdoedvaldomagalhaes.com.br\/index.php\/wp-json\/wp\/v2\/types\/post"}],"author":[{"embeddable":true,"href":"https:\/\/blogdoedvaldomagalhaes.com.br\/index.php\/wp-json\/wp\/v2\/users\/1"}],"replies":[{"embeddable":true,"href":"https:\/\/blogdoedvaldomagalhaes.com.br\/index.php\/wp-json\/wp\/v2\/comments?post=103345"}],"version-history":[{"count":1,"href":"https:\/\/blogdoedvaldomagalhaes.com.br\/index.php\/wp-json\/wp\/v2\/posts\/103345\/revisions"}],"predecessor-version":[{"id":103347,"href":"https:\/\/blogdoedvaldomagalhaes.com.br\/index.php\/wp-json\/wp\/v2\/posts\/103345\/revisions\/103347"}],"wp:featuredmedia":[{"embeddable":true,"href":"https:\/\/blogdoedvaldomagalhaes.com.br\/index.php\/wp-json\/wp\/v2\/media\/103346"}],"wp:attachment":[{"href":"https:\/\/blogdoedvaldomagalhaes.com.br\/index.php\/wp-json\/wp\/v2\/media?parent=103345"}],"wp:term":[{"taxonomy":"category","embeddable":true,"href":"https:\/\/blogdoedvaldomagalhaes.com.br\/index.php\/wp-json\/wp\/v2\/categories?post=103345"},{"taxonomy":"post_tag","embeddable":true,"href":"https:\/\/blogdoedvaldomagalhaes.com.br\/index.php\/wp-json\/wp\/v2\/tags?post=103345"}],"curies":[{"name":"wp","href":"https:\/\/api.w.org\/{rel}","templated":true}]}}