{"id":103313,"date":"2023-11-30T08:44:09","date_gmt":"2023-11-30T11:44:09","guid":{"rendered":"https:\/\/blogdoedvaldomagalhaes.com.br\/?p=103313"},"modified":"2023-11-30T08:44:10","modified_gmt":"2023-11-30T11:44:10","slug":"academia-realiza-expocordel-2023-em-caruaru-sexta-1-e-sabado-2","status":"publish","type":"post","link":"https:\/\/blogdoedvaldomagalhaes.com.br\/index.php\/2023\/11\/30\/academia-realiza-expocordel-2023-em-caruaru-sexta-1-e-sabado-2\/","title":{"rendered":"Academia realiza Expocordel 2023 em Caruaru sexta (1\u00b0) e s\u00e1bado (2)"},"content":{"rendered":"<p>A Academia Caruaruense de Literatura de Cordel (ACLC) realiza a 6\u00aa edi\u00e7\u00e3o do Expocordel. O evento come\u00e7ar\u00e1 nesta sexta-feira (1\u00ba) e seguir\u00e1 at\u00e9 o s\u00e1bado (2), contando com uma programa\u00e7\u00e3o voltada para enaltecer a poesia popular e os fazedores desta cultura no munic\u00edpio de Caruaru e regi\u00e3o.<\/p>\n<p>Na noite da sexta-feira, haver\u00e1 a posse de dois novos membros da ACLC: a poetisa Karla Maria e o poeta Elvis Lira. Essa programa\u00e7\u00e3o ocorrer\u00e1 na sede da Academia Caruaruense de Cultura, Ci\u00eancias e Letras (Acaccil), a partir das 19h30. Al\u00e9m da solenidade, o momento dever\u00e1 ser marcado por recitais e participa\u00e7\u00f5es musicais.<\/p>\n<p>A programa\u00e7\u00e3o seguir\u00e1 na manh\u00e3 do s\u00e1bado, desta feita na Casa do Cordel da ACLC, que fica no Polo Caruaru, onde ocorrer\u00e1 uma s\u00e9rie de oficinas po\u00e9ticas. A primeira come\u00e7ar\u00e1 \u00e0s 9h, quando a professora e poetisa Aline Sales ministrar\u00e1 acerca da trova, uma composi\u00e7\u00e3o po\u00e9tica com quatro versos heptass\u00edlabos. Cumpre salientar que Aline Sales \u00e9 integrante da ACLC e presidente da sec\u00e7\u00e3o Caruaru da Uni\u00e3o Brasileira de Trovadores (UBT-Caruaru). Na sequ\u00eancia, o poeta e jornalista J\u00e9nerson Alves ministrar\u00e1 oficina acerca de Glosa, que \u00e9 uma estrutura po\u00e9tica ligada ao repente e consiste no desenvolvimento de um mote (tema). A entrada \u00e9 franca para as programa\u00e7\u00f5es de ambos os dias.<\/p>\n<p>O presidente da ACLC, Davi Geffson, destaca o sentimento de alegria e gratid\u00e3o que permeia o evento. \u201cEstamos vendo a poesia popular alcan\u00e7ando novos horizontes, e a ACLC \u00e9 um dos atores desse progresso. Com a realiza\u00e7\u00e3o da Expocordel neste ano, estamos abra\u00e7ando novos integrantes na Academia de Cordel e, ao mesmo tempo, valorizando o estudo e o aprimoramento das t\u00e9cnicas liter\u00e1rias\u201d, observa Geffson, que tamb\u00e9m \u00e9 professor de L\u00edngua Portuguesa e um defensor da qualidade no conte\u00fado e na est\u00e9tica das produ\u00e7\u00f5es liter\u00e1rias.<\/p>\n<p>A Expocordel \u00e9, ainda, uma forma de celebra\u00e7\u00e3o do Dia do Cordelista, comemorado em 19 de novembro, data alusiva ao nascimento de Leandro Gomes de Barros, uma das maiores refer\u00eancias do estilo.<\/p>\n<p>Siga o Instagram do Blog para comentar @blogdoedvaldomagalhaes<br \/>\nSe inscreva no canal do Blog no You Tube<\/p>\n","protected":false},"excerpt":{"rendered":"<p>A Academia Caruaruense de Literatura de Cordel (ACLC) realiza a 6\u00aa edi\u00e7\u00e3o do Expocordel. O evento come\u00e7ar\u00e1 nesta sexta-feira (1\u00ba)&hellip;<\/p>\n","protected":false},"author":1,"featured_media":103314,"comment_status":"closed","ping_status":"open","sticky":false,"template":"","format":"standard","meta":{"footnotes":""},"categories":[14120],"tags":[29247,28803,2,28801,3406],"class_list":["post-103313","post","type-post","status-publish","format-standard","has-post-thumbnail","hentry","category-noticias","tag-academia-realiza-expocordel-2023-em-caruaru-sexta-1-e-sabado-2","tag-blog-com-mais-visualizacoes","tag-blog-do-edvaldo-magalhaes","tag-blog-mais-acessado","tag-caruaru"],"_links":{"self":[{"href":"https:\/\/blogdoedvaldomagalhaes.com.br\/index.php\/wp-json\/wp\/v2\/posts\/103313","targetHints":{"allow":["GET"]}}],"collection":[{"href":"https:\/\/blogdoedvaldomagalhaes.com.br\/index.php\/wp-json\/wp\/v2\/posts"}],"about":[{"href":"https:\/\/blogdoedvaldomagalhaes.com.br\/index.php\/wp-json\/wp\/v2\/types\/post"}],"author":[{"embeddable":true,"href":"https:\/\/blogdoedvaldomagalhaes.com.br\/index.php\/wp-json\/wp\/v2\/users\/1"}],"replies":[{"embeddable":true,"href":"https:\/\/blogdoedvaldomagalhaes.com.br\/index.php\/wp-json\/wp\/v2\/comments?post=103313"}],"version-history":[{"count":1,"href":"https:\/\/blogdoedvaldomagalhaes.com.br\/index.php\/wp-json\/wp\/v2\/posts\/103313\/revisions"}],"predecessor-version":[{"id":103315,"href":"https:\/\/blogdoedvaldomagalhaes.com.br\/index.php\/wp-json\/wp\/v2\/posts\/103313\/revisions\/103315"}],"wp:featuredmedia":[{"embeddable":true,"href":"https:\/\/blogdoedvaldomagalhaes.com.br\/index.php\/wp-json\/wp\/v2\/media\/103314"}],"wp:attachment":[{"href":"https:\/\/blogdoedvaldomagalhaes.com.br\/index.php\/wp-json\/wp\/v2\/media?parent=103313"}],"wp:term":[{"taxonomy":"category","embeddable":true,"href":"https:\/\/blogdoedvaldomagalhaes.com.br\/index.php\/wp-json\/wp\/v2\/categories?post=103313"},{"taxonomy":"post_tag","embeddable":true,"href":"https:\/\/blogdoedvaldomagalhaes.com.br\/index.php\/wp-json\/wp\/v2\/tags?post=103313"}],"curies":[{"name":"wp","href":"https:\/\/api.w.org\/{rel}","templated":true}]}}