{"id":103310,"date":"2023-11-30T08:30:48","date_gmt":"2023-11-30T11:30:48","guid":{"rendered":"https:\/\/blogdoedvaldomagalhaes.com.br\/?p=103310"},"modified":"2023-11-30T08:30:48","modified_gmt":"2023-11-30T11:30:48","slug":"a-importancia-da-valorizacao-do-cinema-caruaruense-por-vereador-jorge-quintino","status":"publish","type":"post","link":"https:\/\/blogdoedvaldomagalhaes.com.br\/index.php\/2023\/11\/30\/a-importancia-da-valorizacao-do-cinema-caruaruense-por-vereador-jorge-quintino\/","title":{"rendered":"A import\u00e2ncia da valoriza\u00e7\u00e3o do cinema caruaruense, por Vereador Jorge Quintino"},"content":{"rendered":"<p>Inicialmente eu gostaria de me dirigir a todos e todas presentes e parabenizar aos que aqui est\u00e3o, pois nessa noite estaremos dialogando de forma breve, mas, necess\u00e1ria sobre a import\u00e2ncia de algo que por diversas vezes \u00e9 duramente criticado, por\u00e9m, ningu\u00e9m vive sem, que \u00e9 a Cultura.<br \/>\nEm especial hoje iremos nos dirigir efetivamente h\u00e1 uma classe de trabalhadores e trabalhadoras que curiosamente, segundo estat\u00edsticas e estudos divulgados recentemente, s\u00e3o respons\u00e1veis por uma gera\u00e7\u00e3o de renda superior as ind\u00fastrias farmac\u00eautica e t\u00eaxtil em nosso pa\u00eds.<br \/>\nSegundo relat\u00f3rio da MPA a (Motion Pictures Association), o impacto direto do audiovisual na economia brasileira \u00e9 de R$ 24,5 bilh\u00f5es de reais. Somando-se ainda o impacto indireto e induzido, a conta do impacto no PIB sobe para R$ 56 bilh\u00f5es de reais.<br \/>\nEm rela\u00e7\u00e3o a tributos, a gera\u00e7\u00e3o direta \u00e9 de R$ 3,4 bilh\u00f5es, mas somando-se os tributos indiretos e induzidos, o total \u00e9 de R$ 7,7 bilh\u00f5es ao ano.<br \/>\nEm termos de empregos gerados, os n\u00fameros s\u00e3o igualmente superlativos: s\u00e3o 657 mil empregos diretos, indiretos e induzidos, ou 126,6 mil contando-se apenas a gera\u00e7\u00e3o direta.<br \/>\nPara termos uma ideia, s\u00f3 na cidade de S\u00e3o Paulo a cadeia produtiva do audiovisual em suas mais diversas formas de produ\u00e7\u00e3o anualmente empregam cerca de 210 mil pessoas, al\u00e9m de outras 290 mil de forma indireta o que movimenta cerca de 5 bilh\u00f5es de reais no pr\u00f3prio setor audiovisual e outros e outros 6 bilh\u00f5es em \u00e1reas relacionadas.<br \/>\nE o que seriam essas \u00e1reas relacionadas?<br \/>\nDesde o mercadinho onde s\u00e3o comprados os insumos para cada produ\u00e7\u00e3o, locadoras de carro, lojas de tecido, empresas de aluguel de equipamentos, hot\u00e9is e at\u00e9 o pessoal que entra como figurantes nessas cidades onde as produ\u00e7\u00f5es acontecem.<br \/>\nTomei a cidade de S\u00e3o Paulo inicialmente como refer\u00eancia, por se tratar de um polo de produ\u00e7\u00e3o de bastante express\u00e3o para o setor no Brasil e para contextualizar a realidade que desconhecemos sobre esse setor e assim, estreitar a discuss\u00e3o deslocando esse espa\u00e7o geogr\u00e1fico para o nordeste, ou melhor, para nosso estado, o estado de Pernambuco, e dar luz a esses dados e quem sabe despertar os olhares de investidores em potencial que rodeiam nosso territ\u00f3rio para o investir nessa \u00e1rea e contribuir para esse desenvolvimento econ\u00f4mico de forma mais expressiva.<br \/>\nEnfim, acho interessante destacar que desde o ano de 2001 foi criada atrav\u00e9s da medida provis\u00f3ria 2228-1 a ANCINE \u2013 Ag\u00eancia Nacional do Cinema, que \u00e9 uma ag\u00eancia reguladora que tem como atribui\u00e7\u00f5es o fomento, a regula\u00e7\u00e3o e a fiscaliza\u00e7\u00e3o do mercado do cinema e do audiovisual no Brasil.<br \/>\nSendo essa uma autarquia especial, vinculada ao Minist\u00e9rio do Turismo, com sede e foro no Distrito Federal, Escrit\u00f3rio Central no Rio de Janeiro e escrit\u00f3rio regional em S\u00e3o Paulo.<br \/>\nOu seja, existe uma ferramenta ou mecanismo real de fiscaliza\u00e7\u00e3o do que se produz no Brasil e mais que isso, podemos hoje dizer que atrav\u00e9s de leis de incentivo que perpassam pelo crivo da l\u00f3gica operacional que adv\u00e9m deste \u00f3rg\u00e3o, se faz poss\u00edvel realizar produ\u00e7\u00f5es que outrora com a extin\u00e7\u00e3o da EMBRAFILM j\u00e1 n\u00e3o mais se fazia poss\u00edvel no pa\u00eds.<br \/>\nMas, agora que estamos um pouco mais contextualizados nesse sentido, vamos de fato ao que nos interessa!<br \/>\nAqui em Pernambuco desde o ano de 2007 existe um Fundo de cultura exclusivo para promover e fomentar a produ\u00e7\u00e3o audiovisual que \u00e9 o Funcultura Audiovisual.<br \/>\nEste \u00e9 alimentado a partir de arrecada\u00e7\u00f5es sobre Imposto de Circula\u00e7\u00e3o de Mercadorias e Servi\u00e7os (o ICMS), e atua como principal fonte de recursos para o setor.<br \/>\nPara termos uma ideia s\u00f3 de 2007 a 2021 foram investidos mais de 43 milh\u00f5es de reais nesse fundo que vem se democratizando e de certa forma, tamb\u00e9m se regionalizando.<br \/>\n\u201cA ideia \u00e9 que possamos atrav\u00e9s de momentos como esse e tamb\u00e9m de reuni\u00f5es, encontros e at\u00e9 mesmo audi\u00eancias p\u00fablicas juntos com as trabalhadoras e os trabalhadores do setor, discutir e construir por meio do di\u00e1logo a\u00e7\u00f5es que culminem em uma pol\u00edtica p\u00fablica efetiva que trate do setor audiovisual em Caruaru\u201d.<br \/>\nSabemos que com esse investimento recente advindo dos recursos da Lei Paulo Gustavo, teremos uma produ\u00e7\u00e3o de bastante expressividade em todo o pa\u00eds e obviamente nos interiores, o que s\u00f3 refor\u00e7ar\u00e1 a necessidade de uma descentraliza\u00e7\u00e3o de investimentos e da t\u00e3o buscada regionaliza\u00e7\u00e3o de recursos do setor e possivelmente a revela\u00e7\u00e3o de produtores e produtoras, realizadores e realizadoras do setor audiovisual em potencial que t\u00eam pouca ou nenhuma visibilidade at\u00e9 aqui.<br \/>\nOutro gargalo para esse setor que venho observando nas entrevistas e em alguns artigos sob os quais me debrucei, trata da distribui\u00e7\u00e3o do material produzido, e isso n\u00e3o \u00e9 pauta para discutirmos agora, mas \u00e9 l\u00f3gico que devemos atentar para essa realidade e fazer ecoar d alguma forma tamb\u00e9m nesse momento essa queixa de tatos realizadores e realizadoras.<br \/>\nEncerrando aqui, gostaria de dizer que podemos sim buscar formas de mostrar essa produ\u00e7\u00e3o em nosso munic\u00edpio, Caruaru \u00e9 uma cidade refer\u00eancia no que diz respeito a cultura e o audiovisual pernambucano \u00e9 algo que tem que come\u00e7ar a ser pauta nessa cidade de forma cada vez mais intensa.<br \/>\nAntes de encerrar gostaria de frisar que ainda ano passado tivemos o filme Espumas ao Vento do diretor Taciano Valerio na mostra competitiva do 55\u00b0 Festival de cinema de Bras\u00edlia, o que aponta para a import\u00e2ncia do cinema aqui de Caruaru enquanto for\u00e7a produtiva em p\u00e9 de igualdade com as grandes obras do cinema brasileiro, assim como a obra do querido Claudio Assis, autor de filmes como Amarelo Manga, Baixiu das Bestas e Piedade<br \/>\nMas, a nossa noite \u00e9 de homenagens e reconhecimento por trabalhos realizados at\u00e9 aqui por tr\u00eas pessoas que mesmo com todas as limita\u00e7\u00f5es impostas pelo espa\u00e7o geogr\u00e1fico e o acesso a recursos advindos do setor audiovisual produzem e fazem lindas obras que est\u00e3o rodando em festivais e sendo premiadas, o que muito nos orgulha. Foto: Vladimir Barreto<\/p>\n<p>Siga o Instagram do Blog para comentar @blogdoedvaldomagalhaes<br \/>\nSe inscreva no canal do Blog no You Tube<\/p>\n","protected":false},"excerpt":{"rendered":"<p>Inicialmente eu gostaria de me dirigir a todos e todas presentes e parabenizar aos que aqui est\u00e3o, pois nessa noite&hellip;<\/p>\n","protected":false},"author":1,"featured_media":103311,"comment_status":"closed","ping_status":"open","sticky":false,"template":"","format":"standard","meta":{"footnotes":""},"categories":[14122],"tags":[29246,28925,2,28801,3406,20],"class_list":["post-103310","post","type-post","status-publish","format-standard","has-post-thumbnail","hentry","category-politica","tag-a-importancia-da-valorizacao-do-cinema-caruaruense-por-vereador-jorge-quintino","tag-blog-comamos-visualizacoes","tag-blog-do-edvaldo-magalhaes","tag-blog-mais-acessado","tag-caruaru","tag-politica"],"_links":{"self":[{"href":"https:\/\/blogdoedvaldomagalhaes.com.br\/index.php\/wp-json\/wp\/v2\/posts\/103310","targetHints":{"allow":["GET"]}}],"collection":[{"href":"https:\/\/blogdoedvaldomagalhaes.com.br\/index.php\/wp-json\/wp\/v2\/posts"}],"about":[{"href":"https:\/\/blogdoedvaldomagalhaes.com.br\/index.php\/wp-json\/wp\/v2\/types\/post"}],"author":[{"embeddable":true,"href":"https:\/\/blogdoedvaldomagalhaes.com.br\/index.php\/wp-json\/wp\/v2\/users\/1"}],"replies":[{"embeddable":true,"href":"https:\/\/blogdoedvaldomagalhaes.com.br\/index.php\/wp-json\/wp\/v2\/comments?post=103310"}],"version-history":[{"count":1,"href":"https:\/\/blogdoedvaldomagalhaes.com.br\/index.php\/wp-json\/wp\/v2\/posts\/103310\/revisions"}],"predecessor-version":[{"id":103312,"href":"https:\/\/blogdoedvaldomagalhaes.com.br\/index.php\/wp-json\/wp\/v2\/posts\/103310\/revisions\/103312"}],"wp:featuredmedia":[{"embeddable":true,"href":"https:\/\/blogdoedvaldomagalhaes.com.br\/index.php\/wp-json\/wp\/v2\/media\/103311"}],"wp:attachment":[{"href":"https:\/\/blogdoedvaldomagalhaes.com.br\/index.php\/wp-json\/wp\/v2\/media?parent=103310"}],"wp:term":[{"taxonomy":"category","embeddable":true,"href":"https:\/\/blogdoedvaldomagalhaes.com.br\/index.php\/wp-json\/wp\/v2\/categories?post=103310"},{"taxonomy":"post_tag","embeddable":true,"href":"https:\/\/blogdoedvaldomagalhaes.com.br\/index.php\/wp-json\/wp\/v2\/tags?post=103310"}],"curies":[{"name":"wp","href":"https:\/\/api.w.org\/{rel}","templated":true}]}}