{"id":103307,"date":"2023-11-30T08:00:00","date_gmt":"2023-11-30T11:00:00","guid":{"rendered":"https:\/\/blogdoedvaldomagalhaes.com.br\/?p=103307"},"modified":"2023-11-29T23:43:56","modified_gmt":"2023-11-30T02:43:56","slug":"confira-a-programacao-de-natal-no-marco-zero-em-caruaru","status":"publish","type":"post","link":"https:\/\/blogdoedvaldomagalhaes.com.br\/index.php\/2023\/11\/30\/confira-a-programacao-de-natal-no-marco-zero-em-caruaru\/","title":{"rendered":"Confira a programa\u00e7\u00e3o de Natal no Marco Zero em Caruaru"},"content":{"rendered":"<p>A Funda\u00e7\u00e3o de Cultura de Caruaru em parceria com a C\u00e2mara de Dirigentes Lojistas (CDL), divulga a programa\u00e7\u00e3o completa de natal que ser\u00e1 realizada no Marco Zero.<\/p>\n<p>Ser\u00e3o diversas apresenta\u00e7\u00f5es musicais gratuitas que ir\u00e3o ocorrer no coreto que foi montado no cora\u00e7\u00e3o da cidade. A programa\u00e7\u00e3o come\u00e7a nesta quarta-feira (29) e segue at\u00e9 o dia 23 de dezembro.<\/p>\n<p>Confira abaixo a programa\u00e7\u00e3o completa:<\/p>\n<p>Dia 29- Thayse Rapunzel 17h \u00e0s 18h20<br \/>\nDia 30- Neemias Wanderley 17h \u00e0s 18h20<br \/>\nDia 1\u00b0- Beto Show 17h \u00e0s 18h20<br \/>\nDia 02- Tony Maciel 10h \u00e0s 12h<br \/>\nDia 06- Rosimar Lemos 17h \u00e0s 18h20<br \/>\nDia 07- Rog\u00e9ria Dera 17h \u00e0s 18h20<br \/>\nDia 08- Banda Nova Euterpe 17 \u00e0s 18h20<br \/>\nDia 09- Colibri Brasil 10h \u00e0s 12h<br \/>\nDia 13- Erisson Porto 17h \u00e0s 18h20<br \/>\nDia 14- Recital Academia de Cordel 17h \u00e0s 18h20<br \/>\nDia 15- Waldemar Neto 17h \u00e0s 18h20<br \/>\nDia 16- Eduardo Vasconcelos 10h \u00e0s 12h<br \/>\nDia 18- Tempero Musical 17h \u00e0s 18h20<br \/>\nDia 19- Fabio Duarte 17h \u00e0s 18h20<br \/>\nDia 20- S\u00f3stenes Rodrigues 17h \u00e0s 18h20<br \/>\nDia 21- Luciana Salvador 17h \u00e0s 18h20<br \/>\nDia 22- Banda comercial 17h \u00e0s 18h20<br \/>\nDia 23- Vanessa Cardoso 10h \u00e0s 12h<\/p>\n","protected":false},"excerpt":{"rendered":"<p>A Funda\u00e7\u00e3o de Cultura de Caruaru em parceria com a C\u00e2mara de Dirigentes Lojistas (CDL), divulga a programa\u00e7\u00e3o completa de&hellip;<\/p>\n","protected":false},"author":1,"featured_media":103308,"comment_status":"closed","ping_status":"open","sticky":false,"template":"","format":"standard","meta":{"footnotes":""},"categories":[14120],"tags":[28803,2,28801,3406,29245],"class_list":["post-103307","post","type-post","status-publish","format-standard","has-post-thumbnail","hentry","category-noticias","tag-blog-com-mais-visualizacoes","tag-blog-do-edvaldo-magalhaes","tag-blog-mais-acessado","tag-caruaru","tag-confira-a-programacao-de-natal-no-marco-zero-em-caruaru"],"_links":{"self":[{"href":"https:\/\/blogdoedvaldomagalhaes.com.br\/index.php\/wp-json\/wp\/v2\/posts\/103307","targetHints":{"allow":["GET"]}}],"collection":[{"href":"https:\/\/blogdoedvaldomagalhaes.com.br\/index.php\/wp-json\/wp\/v2\/posts"}],"about":[{"href":"https:\/\/blogdoedvaldomagalhaes.com.br\/index.php\/wp-json\/wp\/v2\/types\/post"}],"author":[{"embeddable":true,"href":"https:\/\/blogdoedvaldomagalhaes.com.br\/index.php\/wp-json\/wp\/v2\/users\/1"}],"replies":[{"embeddable":true,"href":"https:\/\/blogdoedvaldomagalhaes.com.br\/index.php\/wp-json\/wp\/v2\/comments?post=103307"}],"version-history":[{"count":1,"href":"https:\/\/blogdoedvaldomagalhaes.com.br\/index.php\/wp-json\/wp\/v2\/posts\/103307\/revisions"}],"predecessor-version":[{"id":103309,"href":"https:\/\/blogdoedvaldomagalhaes.com.br\/index.php\/wp-json\/wp\/v2\/posts\/103307\/revisions\/103309"}],"wp:featuredmedia":[{"embeddable":true,"href":"https:\/\/blogdoedvaldomagalhaes.com.br\/index.php\/wp-json\/wp\/v2\/media\/103308"}],"wp:attachment":[{"href":"https:\/\/blogdoedvaldomagalhaes.com.br\/index.php\/wp-json\/wp\/v2\/media?parent=103307"}],"wp:term":[{"taxonomy":"category","embeddable":true,"href":"https:\/\/blogdoedvaldomagalhaes.com.br\/index.php\/wp-json\/wp\/v2\/categories?post=103307"},{"taxonomy":"post_tag","embeddable":true,"href":"https:\/\/blogdoedvaldomagalhaes.com.br\/index.php\/wp-json\/wp\/v2\/tags?post=103307"}],"curies":[{"name":"wp","href":"https:\/\/api.w.org\/{rel}","templated":true}]}}