{"id":103304,"date":"2023-11-30T07:00:00","date_gmt":"2023-11-30T10:00:00","guid":{"rendered":"https:\/\/blogdoedvaldomagalhaes.com.br\/?p=103304"},"modified":"2023-11-29T23:38:40","modified_gmt":"2023-11-30T02:38:40","slug":"homenagem-ao-padre-arlindo-de-tamandare-acontecera-em-caruaru","status":"publish","type":"post","link":"https:\/\/blogdoedvaldomagalhaes.com.br\/index.php\/2023\/11\/30\/homenagem-ao-padre-arlindo-de-tamandare-acontecera-em-caruaru\/","title":{"rendered":"Homenagem ao Padre Arlindo de Tamandar\u00e9 acontecer\u00e1 em Caruaru"},"content":{"rendered":"<p>O Centro Educacional Marluc\u00ed (CEM) tem a honra de anunciar um evento especial em homenagem ao ilustre Pe. Arlindo de Tamandar\u00e9, a ser realizado no dia 05 de dezembro no prestigiado Centro de Conven\u00e7\u00f5es de Caruaru (SENAC). Esta homenagem marca um momento significativo no \u00e2mbito do projeto pedag\u00f3gico &#8220;Eu Posso Mudar o Mundo. E Voc\u00ea?&#8221; do CEM, cujo foco \u00e9 despertar a consci\u00eancia dos alunos, pais e da sociedade para a import\u00e2ncia da solidariedade.<\/p>\n<p>Ao longo do projeto de 3 meses, diversas atividades foram conduzidas neste per\u00edodo, incluindo debates, conta\u00e7\u00e3o de hist\u00f3ria, campanha de arrecada\u00e7\u00e3o de donativos e palestras, todas voltadas para o tema da SOLIDARIEDADE.<br \/>\nO Pe. Arlindo de Tamandar\u00e9, representa n\u00e3o apenas um exemplo religioso, mas tamb\u00e9m \u00e9 refer\u00eancia no estado de Pernambuco, por meio de suas not\u00e1veis iniciativas sociais.<\/p>\n<p>O evento em homenagem ao Pe. Arlindo de Tamandar\u00e9 ser\u00e1 exclusivo para alunos, pais, familiares e convidados, tendo in\u00edcio \u00e0s 18h. Espera-se uma noite emocionante e inspiradora, repleta de momentos significativos que destacar\u00e3o a import\u00e2ncia da solidariedade na transforma\u00e7\u00e3o positiva da sociedade.<\/p>\n<p>*Sobre Padre Arlindo:*<br \/>\nPe. Arlindo Laurindo de Matos J\u00fanior, \u00e9 p\u00e1roco da cidade de Tamandar\u00e9, h\u00e1 quase 19 anos. Sua trajet\u00f3ria destaca-se pela constru\u00e7\u00e3o da Igreja da Nova Matriz de S\u00e3o Pedro, atrav\u00e9s de doa\u00e7\u00f5es dos fi\u00e9is; do trabalho social desenvolvido com a dire\u00e7\u00e3o da creche Funda\u00e7\u00e3o Padre Enzo, que atende gratuitamente a 500 crian\u00e7as, sendo considerada a melhor ONG de Pernambuco; a Associa\u00e7\u00e3o que leva seu nome e que j\u00e1 realizou mais 9 mil atendimentos gratuitos \u00e0 popula\u00e7\u00e3o na \u00e1rea de sa\u00fade, educa\u00e7\u00e3o e jur\u00eddica; como tamb\u00e9m entregou mais de 800 toneladas de alimentos com a Campanha A FOME N\u00c3O PODE ESPERAR; e a realiza\u00e7\u00e3o do dia da Consci\u00eancia Crist\u00e3, que faz parte do calend\u00e1rio anual e oficial do Governo do Estado de Pernambuco, sempre realizado no \u00faltimo s\u00e1bado de janeiro.<br \/>\nTanto a Associa\u00e7\u00e3o como a creche s\u00e3o direcionadas para o amparo e suporte \u00e0s pessoas que enfrentam situa\u00e7\u00f5es de vulnerabilidade social. Sua incans\u00e1vel dedica\u00e7\u00e3o e comprometimento t\u00eam impactado positivamente a vida de in\u00fameras fam\u00edlias e comunidades. Foto: @martharegina_fotografias<\/p>\n<p>Siga o Instagram do Blog para comentar @blogdoedvaldomagalhaes<br \/>\nSe inscreva no canal do Blog no You Tube<\/p>\n","protected":false},"excerpt":{"rendered":"<p>O Centro Educacional Marluc\u00ed (CEM) tem a honra de anunciar um evento especial em homenagem ao ilustre Pe. Arlindo de&hellip;<\/p>\n","protected":false},"author":1,"featured_media":103305,"comment_status":"closed","ping_status":"open","sticky":false,"template":"","format":"standard","meta":{"footnotes":""},"categories":[14120],"tags":[28803,2,28801,3406,29244],"class_list":["post-103304","post","type-post","status-publish","format-standard","has-post-thumbnail","hentry","category-noticias","tag-blog-com-mais-visualizacoes","tag-blog-do-edvaldo-magalhaes","tag-blog-mais-acessado","tag-caruaru","tag-homenagem-ao-padre-arlindo-de-tamandare-acontecera-em-caruaru"],"_links":{"self":[{"href":"https:\/\/blogdoedvaldomagalhaes.com.br\/index.php\/wp-json\/wp\/v2\/posts\/103304","targetHints":{"allow":["GET"]}}],"collection":[{"href":"https:\/\/blogdoedvaldomagalhaes.com.br\/index.php\/wp-json\/wp\/v2\/posts"}],"about":[{"href":"https:\/\/blogdoedvaldomagalhaes.com.br\/index.php\/wp-json\/wp\/v2\/types\/post"}],"author":[{"embeddable":true,"href":"https:\/\/blogdoedvaldomagalhaes.com.br\/index.php\/wp-json\/wp\/v2\/users\/1"}],"replies":[{"embeddable":true,"href":"https:\/\/blogdoedvaldomagalhaes.com.br\/index.php\/wp-json\/wp\/v2\/comments?post=103304"}],"version-history":[{"count":1,"href":"https:\/\/blogdoedvaldomagalhaes.com.br\/index.php\/wp-json\/wp\/v2\/posts\/103304\/revisions"}],"predecessor-version":[{"id":103306,"href":"https:\/\/blogdoedvaldomagalhaes.com.br\/index.php\/wp-json\/wp\/v2\/posts\/103304\/revisions\/103306"}],"wp:featuredmedia":[{"embeddable":true,"href":"https:\/\/blogdoedvaldomagalhaes.com.br\/index.php\/wp-json\/wp\/v2\/media\/103305"}],"wp:attachment":[{"href":"https:\/\/blogdoedvaldomagalhaes.com.br\/index.php\/wp-json\/wp\/v2\/media?parent=103304"}],"wp:term":[{"taxonomy":"category","embeddable":true,"href":"https:\/\/blogdoedvaldomagalhaes.com.br\/index.php\/wp-json\/wp\/v2\/categories?post=103304"},{"taxonomy":"post_tag","embeddable":true,"href":"https:\/\/blogdoedvaldomagalhaes.com.br\/index.php\/wp-json\/wp\/v2\/tags?post=103304"}],"curies":[{"name":"wp","href":"https:\/\/api.w.org\/{rel}","templated":true}]}}