{"id":103301,"date":"2023-11-30T06:00:00","date_gmt":"2023-11-30T09:00:00","guid":{"rendered":"https:\/\/blogdoedvaldomagalhaes.com.br\/?p=103301"},"modified":"2023-11-29T23:34:06","modified_gmt":"2023-11-30T02:34:06","slug":"oab-caruaru-vai-realizar-1a-edicao-de-talentos-negros-e-negras-2023","status":"publish","type":"post","link":"https:\/\/blogdoedvaldomagalhaes.com.br\/index.php\/2023\/11\/30\/oab-caruaru-vai-realizar-1a-edicao-de-talentos-negros-e-negras-2023\/","title":{"rendered":"OAB Caruaru vai realizar 1\u00aa Edi\u00e7\u00e3o de Talentos Negros e Negras 2023"},"content":{"rendered":"<p>Encerrando o m\u00eas da Consci\u00eancia Negra, a OAB Caruaru, por meio da Comiss\u00e3o Pr\u00f3-Igualdade Racial e Combate \u00e0 Intoler\u00e2ncia Religiosa, capitaneada pela advogada Lucimary Passos, vai realizar, nesta quinta-feira (30), a primeira edi\u00e7\u00e3o do Talentos Negros e Negras 2023.<\/p>\n<p>O evento vai homenagear cinco personalidades negras de Caruaru que s\u00e3o destaques na sociedade com trabalhos realizados em diversas \u00e1reas. A cerim\u00f4nia vai acontecer no Sal\u00e3o Nobre da C\u00e2mara de Vereadores, a partir das 19h30.<\/p>\n<p>Interessados em participar da noite de homenagens podem comparecer ao local, a entrada \u00e9 gratuita.<\/p>\n<p>Homenageados:<\/p>\n<p>Ana Carolina Silva<br \/>\nBibliotec\u00e1ria do Sesc\/Caruaru; Mediadora de Acervos Afrocentrados e Decoloniais; Atua em projetos s\u00f3cio-educacionais e culturais no Sesc\/Caruaru.<\/p>\n<p>Anderson Carvalho Silva<br \/>\nAdvogado; Assessor Ministerial do Minist\u00e9rio P\u00fablico de Pernambuco; Sindicalista.<\/p>\n<p>Christiane Mendes<br \/>\nPedagoga; Afro-empreendedora; cantora. Gerente do Projeto Antirracista &#8220;Afrobetizando Caruaru&#8221; da Secretaria de Educa\u00e7\u00e3o de Caruaru.<\/p>\n<p>Manoel V\u00edtor Vieira<br \/>\nServidor P\u00fablico Estadual; Escritor e poeta com livros lan\u00e7ados em 2023.<\/p>\n<p>Teresa Raquel Silva<br \/>\nPedagoga; Assessora Parlamentar; Mestranda em Educa\u00e7\u00e3o Contempor\u00e2nea; Pesquisadora acad\u00eamica.<\/p>\n<p>Siga o Instagram do Blog para comentar @blogdoedvaldomagalhaes<br \/>\nSe inscreva no canal do Blog no You Tube<\/p>\n","protected":false},"excerpt":{"rendered":"<p>Encerrando o m\u00eas da Consci\u00eancia Negra, a OAB Caruaru, por meio da Comiss\u00e3o Pr\u00f3-Igualdade Racial e Combate \u00e0 Intoler\u00e2ncia Religiosa,&hellip;<\/p>\n","protected":false},"author":1,"featured_media":103302,"comment_status":"closed","ping_status":"open","sticky":false,"template":"","format":"standard","meta":{"footnotes":""},"categories":[14120],"tags":[28803,2,28801,3406,29243],"class_list":["post-103301","post","type-post","status-publish","format-standard","has-post-thumbnail","hentry","category-noticias","tag-blog-com-mais-visualizacoes","tag-blog-do-edvaldo-magalhaes","tag-blog-mais-acessado","tag-caruaru","tag-oab-caruaru-vai-realizar-1a-edicao-de-talentos-negros-e-negras-2023"],"_links":{"self":[{"href":"https:\/\/blogdoedvaldomagalhaes.com.br\/index.php\/wp-json\/wp\/v2\/posts\/103301","targetHints":{"allow":["GET"]}}],"collection":[{"href":"https:\/\/blogdoedvaldomagalhaes.com.br\/index.php\/wp-json\/wp\/v2\/posts"}],"about":[{"href":"https:\/\/blogdoedvaldomagalhaes.com.br\/index.php\/wp-json\/wp\/v2\/types\/post"}],"author":[{"embeddable":true,"href":"https:\/\/blogdoedvaldomagalhaes.com.br\/index.php\/wp-json\/wp\/v2\/users\/1"}],"replies":[{"embeddable":true,"href":"https:\/\/blogdoedvaldomagalhaes.com.br\/index.php\/wp-json\/wp\/v2\/comments?post=103301"}],"version-history":[{"count":1,"href":"https:\/\/blogdoedvaldomagalhaes.com.br\/index.php\/wp-json\/wp\/v2\/posts\/103301\/revisions"}],"predecessor-version":[{"id":103303,"href":"https:\/\/blogdoedvaldomagalhaes.com.br\/index.php\/wp-json\/wp\/v2\/posts\/103301\/revisions\/103303"}],"wp:featuredmedia":[{"embeddable":true,"href":"https:\/\/blogdoedvaldomagalhaes.com.br\/index.php\/wp-json\/wp\/v2\/media\/103302"}],"wp:attachment":[{"href":"https:\/\/blogdoedvaldomagalhaes.com.br\/index.php\/wp-json\/wp\/v2\/media?parent=103301"}],"wp:term":[{"taxonomy":"category","embeddable":true,"href":"https:\/\/blogdoedvaldomagalhaes.com.br\/index.php\/wp-json\/wp\/v2\/categories?post=103301"},{"taxonomy":"post_tag","embeddable":true,"href":"https:\/\/blogdoedvaldomagalhaes.com.br\/index.php\/wp-json\/wp\/v2\/tags?post=103301"}],"curies":[{"name":"wp","href":"https:\/\/api.w.org\/{rel}","templated":true}]}}