{"id":103284,"date":"2023-11-29T20:51:13","date_gmt":"2023-11-29T23:51:13","guid":{"rendered":"https:\/\/blogdoedvaldomagalhaes.com.br\/?p=103284"},"modified":"2023-11-29T22:09:44","modified_gmt":"2023-11-30T01:09:44","slug":"homem-e-assassinado-a-tiros-e-outro-e-baleado-em-barbearia-em-caruaru","status":"publish","type":"post","link":"https:\/\/blogdoedvaldomagalhaes.com.br\/index.php\/2023\/11\/29\/homem-e-assassinado-a-tiros-e-outro-e-baleado-em-barbearia-em-caruaru\/","title":{"rendered":"Homem \u00e9 assassinado a tiros e outro \u00e9 baleado em barbearia em Caruaru"},"content":{"rendered":"<p>A pol\u00edcia informou que na noite desta quarta-feira (29.11), Jos\u00e9 Wilton Condado Miranda Ferreira, 48 anos de idade, conhecido como Ita, foi a uma barbearia para cortar o cabelo, na Terceira Travessa M\u00e1rio Pederneira, no bairro Salgado em Caruaru, <span style=\"font-size: revert\">e quando o barbeiro come\u00e7ou a cortar o cabelo do cliente, chegaram dois indiv\u00edduos em uma motocicleta e efetuaram diversos v\u00e1rios disparos de arma de fogo contra &#8220;ITA&#8221;, que foi socorrido para o Hospital Santa Efig\u00eania, mas n\u00e3o resistiu aos ferimentos e faleceu. O barbeiro Jos\u00e9 Brivaldo Ananias dos Santos, foi atingido por um disparo na altura do bra\u00e7o e &nbsp;foi socorrido para o Hospital Regional do Agreste (HRA).&nbsp;<\/span><br \/>\nEste foi o 13\u00b0 homic\u00eddio no m\u00eas de novembro e o 121\u00b0 no ano de 2023, em Caruaru.<\/p>\n<p><span style=\"font-size: revert\"><img loading=\"lazy\" decoding=\"async\" src=\"https:\/\/blogdoedvaldomagalhaes.com.br\/wp-content\/uploads\/2023\/11\/img_1378.jpg\" class=\"size-full\" width=\"1282\" height=\"901\"><\/span><\/p>\n<p>V\u00edtimas: Ita (esquerda) e Jos\u00e9 Brivaldo (direita)<\/p>\n","protected":false},"excerpt":{"rendered":"<p>A pol\u00edcia informou que na noite desta quarta-feira (29.11), Jos\u00e9 Wilton Condado Miranda Ferreira, 48 anos de idade, conhecido como&hellip;<\/p>\n","protected":false},"author":1,"featured_media":103286,"comment_status":"closed","ping_status":"open","sticky":false,"template":"","format":"standard","meta":{"footnotes":""},"categories":[14121],"tags":[28803,2,28801,29241,5448],"class_list":["post-103284","post","type-post","status-publish","format-standard","has-post-thumbnail","hentry","category-policial","tag-blog-com-mais-visualizacoes","tag-blog-do-edvaldo-magalhaes","tag-blog-mais-acessado","tag-homem-e-assassinado-a-tiros-e-outro-e-baleado-em-barbearia-em-caruaru","tag-homicidio"],"_links":{"self":[{"href":"https:\/\/blogdoedvaldomagalhaes.com.br\/index.php\/wp-json\/wp\/v2\/posts\/103284","targetHints":{"allow":["GET"]}}],"collection":[{"href":"https:\/\/blogdoedvaldomagalhaes.com.br\/index.php\/wp-json\/wp\/v2\/posts"}],"about":[{"href":"https:\/\/blogdoedvaldomagalhaes.com.br\/index.php\/wp-json\/wp\/v2\/types\/post"}],"author":[{"embeddable":true,"href":"https:\/\/blogdoedvaldomagalhaes.com.br\/index.php\/wp-json\/wp\/v2\/users\/1"}],"replies":[{"embeddable":true,"href":"https:\/\/blogdoedvaldomagalhaes.com.br\/index.php\/wp-json\/wp\/v2\/comments?post=103284"}],"version-history":[{"count":5,"href":"https:\/\/blogdoedvaldomagalhaes.com.br\/index.php\/wp-json\/wp\/v2\/posts\/103284\/revisions"}],"predecessor-version":[{"id":103292,"href":"https:\/\/blogdoedvaldomagalhaes.com.br\/index.php\/wp-json\/wp\/v2\/posts\/103284\/revisions\/103292"}],"wp:featuredmedia":[{"embeddable":true,"href":"https:\/\/blogdoedvaldomagalhaes.com.br\/index.php\/wp-json\/wp\/v2\/media\/103286"}],"wp:attachment":[{"href":"https:\/\/blogdoedvaldomagalhaes.com.br\/index.php\/wp-json\/wp\/v2\/media?parent=103284"}],"wp:term":[{"taxonomy":"category","embeddable":true,"href":"https:\/\/blogdoedvaldomagalhaes.com.br\/index.php\/wp-json\/wp\/v2\/categories?post=103284"},{"taxonomy":"post_tag","embeddable":true,"href":"https:\/\/blogdoedvaldomagalhaes.com.br\/index.php\/wp-json\/wp\/v2\/tags?post=103284"}],"curies":[{"name":"wp","href":"https:\/\/api.w.org\/{rel}","templated":true}]}}