{"id":103280,"date":"2023-11-29T18:58:59","date_gmt":"2023-11-29T21:58:59","guid":{"rendered":"https:\/\/blogdoedvaldomagalhaes.com.br\/?p=103280"},"modified":"2023-11-29T19:07:58","modified_gmt":"2023-11-29T22:07:58","slug":"governo-pe-reforca-rede-de-saude-com-nomeacao-de-mais-138-medicos-e-soma-315-nomeacoes-destes-profissionais-desde-janeiro","status":"publish","type":"post","link":"https:\/\/blogdoedvaldomagalhaes.com.br\/index.php\/2023\/11\/29\/governo-pe-reforca-rede-de-saude-com-nomeacao-de-mais-138-medicos-e-soma-315-nomeacoes-destes-profissionais-desde-janeiro\/","title":{"rendered":"Governo-PE refor\u00e7a rede de sa\u00fade com nomea\u00e7\u00e3o de mais 138 m\u00e9dicos e soma 315 nomea\u00e7\u00f5es destes profissionais desde janeiro"},"content":{"rendered":"<p>O Governo de Pernambuco, por meio da Secretaria Estadual de Sa\u00fade (SES-PE), nomeou, nesta quarta-feira (28), 138 m\u00e9dicos de especialidades diversas para refor\u00e7ar &#8211; entre os quais, 40 anestesistas &#8211; a rede de sa\u00fade p\u00fablica e garantir a adequada assist\u00eancia \u00e0 popula\u00e7\u00e3o pernambucana. O ato da governadora Raquel Lyra foi publicado no Di\u00e1rio Oficial do Estado (DOE), com o nome dos profissionais, al\u00e9m das respectivas Ger\u00eancias Regionais de Sa\u00fade (Geres) onde cada um vai atuar a partir de agora.<\/p>\n<p>\u201cA rede de sa\u00fade estadual recebe mais 138 m\u00e9dicos, novidade fundamental para atendermos melhor a sa\u00fade da nossa popula\u00e7\u00e3o. Essas nomea\u00e7\u00f5es se somam a outras que ocorreram desde janeiro, sendo mais de 4.600 novos servidores nomeados espalhados por todas as \u00e1reas de servi\u00e7os prestados \u00e0 popula\u00e7\u00e3o\u201d, destacou a governadora em exerc\u00edcio, Priscila Krause.<\/p>\n<p>Ao todo foram contempladas 11 especialidades: anestesiologia, cardiologia, cirurgia de cabe\u00e7a e pesco\u00e7o, cirurgia geral, oncologia, otorrinolaringologia, psiquiatria, radiologia, tocoginecologia, traumatologia e cl\u00ednica geral.<\/p>\n<p>Na distribui\u00e7\u00e3o dos profissionais, a I Geres, por englobar a Regi\u00e3o Metropolitana &#8211; com o maior grupo populacional do Estado -, recebeu o maior quantitativo de concursados, de acordo com a distribui\u00e7\u00e3o informada no edital do concurso. Tamb\u00e9m v\u00e3o ter quadros de sa\u00fade fortalecidos as II, IV, V, VII, XI e XII Geres.<\/p>\n<p>Esta nova nomea\u00e7\u00e3o fortalece o Sistema \u00danico de Sa\u00fade (SUS) do Estado, levando em considera\u00e7\u00e3o uma assist\u00eancia mais robusta das unidades de sa\u00fade. \u201cO Governo de Pernambuco acaba de publicar a nomea\u00e7\u00e3o de cento e trinta e oito m\u00e9dicos para o estado, para a sa\u00fade de Pernambuco, que vem fortalecendo diversas especialidades, psiquiatria, anestesia, cirurgia, entre tantas, fortalecendo a assist\u00eancia ao SUS e melhorando a cobertura das escalas de plant\u00e3o nos diversos hospitais da rede pr\u00f3pria&#8221;, afirmou a secret\u00e1ria de sa\u00fade de Pernambuco, Zilda Cavalcanti.<\/p>\n<p>A gest\u00e3o estadual atual j\u00e1 realizou a nomea\u00e7\u00e3o de 4,6 mil servidores. Para a Secretaria de Sa\u00fade foram 346, sendo 240 m\u00e9dicos, 104 assistentes de sa\u00fade e 2 analistas em sa\u00fade. Al\u00e9m disso, novos 30 m\u00e9dicos foram nomeados no Hemope e outros 45 na Universidade de Pernambuco (UPE).<br \/>\nFotos: Divulga\u00e7\u00e3o.<\/p>\n<p>Siga o Instagram do Blog para comentar @blogdoedvaldomagalhaes<br \/>\nSe inscreva no canal do Blog no You Tube<\/p>\n","protected":false},"excerpt":{"rendered":"<p>O Governo de Pernambuco, por meio da Secretaria Estadual de Sa\u00fade (SES-PE), nomeou, nesta quarta-feira (28), 138 m\u00e9dicos de especialidades&hellip;<\/p>\n","protected":false},"author":1,"featured_media":103281,"comment_status":"closed","ping_status":"open","sticky":false,"template":"","format":"standard","meta":{"footnotes":""},"categories":[14122],"tags":[28803,2,28801,3406,29240,20],"class_list":["post-103280","post","type-post","status-publish","format-standard","has-post-thumbnail","hentry","category-politica","tag-blog-com-mais-visualizacoes","tag-blog-do-edvaldo-magalhaes","tag-blog-mais-acessado","tag-caruaru","tag-governo-pe-reforca-rede-de-saude-com-nomeacao-de-mais-138-medicos-e-soma-315-nomeacoes-destes-profissionais-desde-janeiro","tag-politica"],"_links":{"self":[{"href":"https:\/\/blogdoedvaldomagalhaes.com.br\/index.php\/wp-json\/wp\/v2\/posts\/103280","targetHints":{"allow":["GET"]}}],"collection":[{"href":"https:\/\/blogdoedvaldomagalhaes.com.br\/index.php\/wp-json\/wp\/v2\/posts"}],"about":[{"href":"https:\/\/blogdoedvaldomagalhaes.com.br\/index.php\/wp-json\/wp\/v2\/types\/post"}],"author":[{"embeddable":true,"href":"https:\/\/blogdoedvaldomagalhaes.com.br\/index.php\/wp-json\/wp\/v2\/users\/1"}],"replies":[{"embeddable":true,"href":"https:\/\/blogdoedvaldomagalhaes.com.br\/index.php\/wp-json\/wp\/v2\/comments?post=103280"}],"version-history":[{"count":1,"href":"https:\/\/blogdoedvaldomagalhaes.com.br\/index.php\/wp-json\/wp\/v2\/posts\/103280\/revisions"}],"predecessor-version":[{"id":103282,"href":"https:\/\/blogdoedvaldomagalhaes.com.br\/index.php\/wp-json\/wp\/v2\/posts\/103280\/revisions\/103282"}],"wp:featuredmedia":[{"embeddable":true,"href":"https:\/\/blogdoedvaldomagalhaes.com.br\/index.php\/wp-json\/wp\/v2\/media\/103281"}],"wp:attachment":[{"href":"https:\/\/blogdoedvaldomagalhaes.com.br\/index.php\/wp-json\/wp\/v2\/media?parent=103280"}],"wp:term":[{"taxonomy":"category","embeddable":true,"href":"https:\/\/blogdoedvaldomagalhaes.com.br\/index.php\/wp-json\/wp\/v2\/categories?post=103280"},{"taxonomy":"post_tag","embeddable":true,"href":"https:\/\/blogdoedvaldomagalhaes.com.br\/index.php\/wp-json\/wp\/v2\/tags?post=103280"}],"curies":[{"name":"wp","href":"https:\/\/api.w.org\/{rel}","templated":true}]}}