{"id":103277,"date":"2023-11-29T18:48:47","date_gmt":"2023-11-29T21:48:47","guid":{"rendered":"https:\/\/blogdoedvaldomagalhaes.com.br\/?p=103277"},"modified":"2023-11-29T19:08:20","modified_gmt":"2023-11-29T22:08:20","slug":"comando-para-prevenir-hipertensao-arterial-sera-realizado-no-posto-da-prf-de-caruaru-nesta-quinta-30","status":"publish","type":"post","link":"https:\/\/blogdoedvaldomagalhaes.com.br\/index.php\/2023\/11\/29\/comando-para-prevenir-hipertensao-arterial-sera-realizado-no-posto-da-prf-de-caruaru-nesta-quinta-30\/","title":{"rendered":"Comando para prevenir hipertens\u00e3o arterial ser\u00e1 realizado no posto da PRF de Caruaru nesta quinta (30)"},"content":{"rendered":"<p>Acontece na quinta-feira (30), das 9h \u00e0s 12h, um comando de sa\u00fade para alertar motoristas profissionais sobre cuidados com a Hipertens\u00e3o Arterial Sist\u00eamica (HAS). A iniciativa ser\u00e1 realizada no posto da Pol\u00edcia Rodovi\u00e1ria Federal (PRF) em Caruaru, localizado no Km 57 da BR 104, e conta com a participa\u00e7\u00e3o de diversos parceiros.<\/p>\n<p>Durante o comando,  motoristas de caminh\u00e3o e de \u00f4nibus ser\u00e3o convidados a realizar a medi\u00e7\u00e3o da press\u00e3o arterial, com o aux\u00edlio de profissionais de sa\u00fade, e receber\u00e3o orienta\u00e7\u00f5es de cuidado com a sa\u00fade. A iniciativa tamb\u00e9m busca a conscientiza\u00e7\u00e3o sobre os diferentes tipos de agress\u00e3o contra meninas e mulheres, a partir da campanha mundial &#8220;16 Dias de Ativismo pelo Fim da Viol\u00eancia contra a Mulher&#8221;, que no Brasil passa a ter 21 dias, pois inclui o Dia da Consci\u00eancia Negra.<\/p>\n<p>Al\u00e9m da PRF, participam da a\u00e7\u00e3o o SEST SENAT, SAMU, ABRAMET, Secretaria da Mulher de Pernambuco e Secretaria da Mulher da Prefeitura de Caruaru. Foto: Divulga\u00e7\u00e3o\/PRF.<\/p>\n<p>Siga o Instagram do Blog no Instagram para comentar @blogdoedvaldomagalhaes<br \/>\nSe inscreva no canal do Blog no You Tube<\/p>\n","protected":false},"excerpt":{"rendered":"<p>Acontece na quinta-feira (30), das 9h \u00e0s 12h, um comando de sa\u00fade para alertar motoristas profissionais sobre cuidados com a&hellip;<\/p>\n","protected":false},"author":1,"featured_media":103278,"comment_status":"closed","ping_status":"open","sticky":false,"template":"","format":"standard","meta":{"footnotes":""},"categories":[14121],"tags":[28803,28801,3406,29239],"class_list":["post-103277","post","type-post","status-publish","format-standard","has-post-thumbnail","hentry","category-policial","tag-blog-com-mais-visualizacoes","tag-blog-mais-acessado","tag-caruaru","tag-comando-para-prevenir-hipertensao-arterial-sera-realizado-no-posto-da-prf-de-caruaru-nesta-quinta-30"],"_links":{"self":[{"href":"https:\/\/blogdoedvaldomagalhaes.com.br\/index.php\/wp-json\/wp\/v2\/posts\/103277","targetHints":{"allow":["GET"]}}],"collection":[{"href":"https:\/\/blogdoedvaldomagalhaes.com.br\/index.php\/wp-json\/wp\/v2\/posts"}],"about":[{"href":"https:\/\/blogdoedvaldomagalhaes.com.br\/index.php\/wp-json\/wp\/v2\/types\/post"}],"author":[{"embeddable":true,"href":"https:\/\/blogdoedvaldomagalhaes.com.br\/index.php\/wp-json\/wp\/v2\/users\/1"}],"replies":[{"embeddable":true,"href":"https:\/\/blogdoedvaldomagalhaes.com.br\/index.php\/wp-json\/wp\/v2\/comments?post=103277"}],"version-history":[{"count":1,"href":"https:\/\/blogdoedvaldomagalhaes.com.br\/index.php\/wp-json\/wp\/v2\/posts\/103277\/revisions"}],"predecessor-version":[{"id":103279,"href":"https:\/\/blogdoedvaldomagalhaes.com.br\/index.php\/wp-json\/wp\/v2\/posts\/103277\/revisions\/103279"}],"wp:featuredmedia":[{"embeddable":true,"href":"https:\/\/blogdoedvaldomagalhaes.com.br\/index.php\/wp-json\/wp\/v2\/media\/103278"}],"wp:attachment":[{"href":"https:\/\/blogdoedvaldomagalhaes.com.br\/index.php\/wp-json\/wp\/v2\/media?parent=103277"}],"wp:term":[{"taxonomy":"category","embeddable":true,"href":"https:\/\/blogdoedvaldomagalhaes.com.br\/index.php\/wp-json\/wp\/v2\/categories?post=103277"},{"taxonomy":"post_tag","embeddable":true,"href":"https:\/\/blogdoedvaldomagalhaes.com.br\/index.php\/wp-json\/wp\/v2\/tags?post=103277"}],"curies":[{"name":"wp","href":"https:\/\/api.w.org\/{rel}","templated":true}]}}