{"id":103269,"date":"2023-11-29T10:33:47","date_gmt":"2023-11-29T13:33:47","guid":{"rendered":"https:\/\/blogdoedvaldomagalhaes.com.br\/?p=103269"},"modified":"2023-11-29T10:33:48","modified_gmt":"2023-11-29T13:33:48","slug":"caruaru-realiza-2a-edicao-do-festival-de-arte-e-cultura-estudantil-ate-sexta-feira-1","status":"publish","type":"post","link":"https:\/\/blogdoedvaldomagalhaes.com.br\/index.php\/2023\/11\/29\/caruaru-realiza-2a-edicao-do-festival-de-arte-e-cultura-estudantil-ate-sexta-feira-1\/","title":{"rendered":"Caruaru realiza 2\u00aa edi\u00e7\u00e3o do Festival de Arte e Cultura Estudantil, at\u00e9 sexta-feira (1\u00b0)"},"content":{"rendered":"<p>Come\u00e7a nesta quarta-feira (29) e segue at\u00e9 a sexta-feira (1\u00ba) a segunda edi\u00e7\u00e3o do \u201cFestival de Arte e Cultura Estudantil &#8211; FACE&#8221;. Ser\u00e3o tr\u00eas dias de eventos tanto na sede da Seduc como tamb\u00e9m em algumas escolas da Rede Municipal de Ensino, unidades polos que entrar\u00e3o no circuito do interc\u00e2mbio do FACE.<\/p>\n<p>O festival conta com a participa\u00e7\u00e3o ativa<br \/>\ndas escolas do campo e da cidade em suas diversas modalidades de ensino, visando descobrir e dar visibilidade \u00e0s constru\u00e7\u00f5es art\u00edsticas dos estudantes da Rede e apresentar ao p\u00fablico as produ\u00e7\u00f5es constru\u00eddas durante as oficinas de Arte.<\/p>\n<p>&#8220;O FACE tem como objetivo fomentar e fortalecer o processo de ensino e aprendizagem da Arte com os estudantes da Rede Municipal de Ensino de Caruaru e corroborar para o<br \/>\ndespertar de um olhar cr\u00edtico e sens\u00edvel a partir do contato com as diversas linguagens<br \/>\nart\u00edsticas como Teatro, Dan\u00e7a, M\u00fasica, Literatura de Cordel, Conta\u00e7\u00e3o de Hist\u00f3rias, Capoeira e Audiovisual; dentro e fora do ambiente escolar&#8221;, destaca a gerente de Artes da Seduc, Adriana Sales.<\/p>\n<p>O projeto \u00e9 uma iniciativa da Secretaria de Educa\u00e7\u00e3o e Esportes de Caruaru, conduzido pela Ger\u00eancia de Artes, em parceria com as demais ger\u00eancias e coordena\u00e7\u00f5es da Seduc.<\/p>\n<p>No primeiro dia, 29 de novembro, a partir das 8h30, na sede da Seduc, no bairro Petr\u00f3polis, haver\u00e1 apresenta\u00e7\u00f5es de grupos diversos de percuss\u00e3o, dan\u00e7a (carimb\u00f3, maculel\u00ea),capoeira, participa\u00e7\u00e3o ativa da ger\u00eancia de inclus\u00e3o com a tradu\u00e7\u00e3o simult\u00e2nea e uma a\u00e7\u00e3o da equipe de Bibliotecas &#8211; \u201c(Re)contos Africanos: a ancestralidade traduzida por Di\u00e9le\u201d. Em seguida haver\u00e1 a estreia da Primeira Mostra de Esquetes Teatrais, com apresenta\u00e7\u00f5es das diversas unidades de ensino.<\/p>\n<p>Nesse mesmo dia teremos as viv\u00eancias do Festival de Inven\u00e7\u00e3o e Criatividade (FIC) na \u201cTenda de Leitura\u201d.<\/p>\n<p>No segundo dia (30) ser\u00e3o realizadas apresenta\u00e7\u00f5es nos polos itinerantes de CMEIs e Escolas Municipais e o evento encerra na sexta-feira (1\u00ba) com um bel\u00edssimo Auto de Natal, \u00e0s 18h30,  na sede da Seduc para o p\u00fablico e autoridades de Caruaru.<\/p>\n<p>Siga o Instagram do Blog @blogdoedvaldomagalhaes<br \/>\nSe inscreva no canal do Blog no You Tube<\/p>\n","protected":false},"excerpt":{"rendered":"<p>Come\u00e7a nesta quarta-feira (29) e segue at\u00e9 a sexta-feira (1\u00ba) a segunda edi\u00e7\u00e3o do \u201cFestival de Arte e Cultura Estudantil&hellip;<\/p>\n","protected":false},"author":1,"featured_media":103270,"comment_status":"closed","ping_status":"open","sticky":false,"template":"","format":"standard","meta":{"footnotes":""},"categories":[14120],"tags":[28803,2,28801,3406,29237],"class_list":["post-103269","post","type-post","status-publish","format-standard","has-post-thumbnail","hentry","category-noticias","tag-blog-com-mais-visualizacoes","tag-blog-do-edvaldo-magalhaes","tag-blog-mais-acessado","tag-caruaru","tag-caruaru-realiza-segunda-edicao-do-festival-de-arte-e-cultura-estudantil-ate-sexta-feira-1"],"_links":{"self":[{"href":"https:\/\/blogdoedvaldomagalhaes.com.br\/index.php\/wp-json\/wp\/v2\/posts\/103269","targetHints":{"allow":["GET"]}}],"collection":[{"href":"https:\/\/blogdoedvaldomagalhaes.com.br\/index.php\/wp-json\/wp\/v2\/posts"}],"about":[{"href":"https:\/\/blogdoedvaldomagalhaes.com.br\/index.php\/wp-json\/wp\/v2\/types\/post"}],"author":[{"embeddable":true,"href":"https:\/\/blogdoedvaldomagalhaes.com.br\/index.php\/wp-json\/wp\/v2\/users\/1"}],"replies":[{"embeddable":true,"href":"https:\/\/blogdoedvaldomagalhaes.com.br\/index.php\/wp-json\/wp\/v2\/comments?post=103269"}],"version-history":[{"count":1,"href":"https:\/\/blogdoedvaldomagalhaes.com.br\/index.php\/wp-json\/wp\/v2\/posts\/103269\/revisions"}],"predecessor-version":[{"id":103271,"href":"https:\/\/blogdoedvaldomagalhaes.com.br\/index.php\/wp-json\/wp\/v2\/posts\/103269\/revisions\/103271"}],"wp:featuredmedia":[{"embeddable":true,"href":"https:\/\/blogdoedvaldomagalhaes.com.br\/index.php\/wp-json\/wp\/v2\/media\/103270"}],"wp:attachment":[{"href":"https:\/\/blogdoedvaldomagalhaes.com.br\/index.php\/wp-json\/wp\/v2\/media?parent=103269"}],"wp:term":[{"taxonomy":"category","embeddable":true,"href":"https:\/\/blogdoedvaldomagalhaes.com.br\/index.php\/wp-json\/wp\/v2\/categories?post=103269"},{"taxonomy":"post_tag","embeddable":true,"href":"https:\/\/blogdoedvaldomagalhaes.com.br\/index.php\/wp-json\/wp\/v2\/tags?post=103269"}],"curies":[{"name":"wp","href":"https:\/\/api.w.org\/{rel}","templated":true}]}}