{"id":103266,"date":"2023-11-29T10:22:43","date_gmt":"2023-11-29T13:22:43","guid":{"rendered":"https:\/\/blogdoedvaldomagalhaes.com.br\/?p=103266"},"modified":"2023-11-29T10:22:44","modified_gmt":"2023-11-29T13:22:44","slug":"exposicao-orgulho-negro-esta-aberta-ao-publico-na-fundacao-de-cultura-de-caruaru-ate-terca-feira-5","status":"publish","type":"post","link":"https:\/\/blogdoedvaldomagalhaes.com.br\/index.php\/2023\/11\/29\/exposicao-orgulho-negro-esta-aberta-ao-publico-na-fundacao-de-cultura-de-caruaru-ate-terca-feira-5\/","title":{"rendered":"Exposi\u00e7\u00e3o Orgulho Negro est\u00e1 aberta ao p\u00fablico, na Funda\u00e7\u00e3o de Cultura de Caruaru, at\u00e9 ter\u00e7a-feira (5)"},"content":{"rendered":"<p>A Funda\u00e7\u00e3o de Cultura (FCC), informa que a Exposi\u00e7\u00e3o Orgulho Negro estar\u00e1 aberta para visita\u00e7\u00e3o do p\u00fablico at\u00e9 a pr\u00f3xima ter\u00e7a-feira (5), de forma gratuita.<\/p>\n<p>A iniciativa faz parte da programa\u00e7\u00e3o da Prefeitura em alus\u00e3o ao m\u00eas da Consci\u00eancia Negra. Quem quiser conferir as obras, basta ir at\u00e9 a FCC, que est\u00e1 localizada na rua Frei Caneca, n\u00famero 352, bairro Maur\u00edcio de Nassau (antiga Coletoria), das 8h \u00e0s 16h.<\/p>\n<p>Neste ano, a vernissage conta com a participa\u00e7\u00e3o dos seguintes artistas pl\u00e1sticos: Zenilda Bezerra, Hector Luiz, Ranieri, Carla Barros, Yasmina, Ratinho e Dani Guerreiro. De acordo com o presidente da Funda\u00e7\u00e3o de Cultura, H\u00e9rlon Cavalcanti, esta exposi\u00e7\u00e3o busca \u201co empoderamento da cultura afro-brasileira, sua religiosidade, musicalidade, cren\u00e7as e costumes\u201d.<\/p>\n<p>Ainda \u00e9 importante ressaltar que na pr\u00f3xima quinta-feira (30) haver\u00e1 a Noite da Cultura Afro de Caruaru, com um grande encontro de todos os seguidores, adeptos e simpatizantes da cultura afro do munic\u00edpio. Esta a\u00e7\u00e3o ir\u00e1 ocorrer na Funda\u00e7\u00e3o de Cultura, a partir das 19h.<\/p>\n<p>O cat\u00e1logo com todas as obras presentes na exposi\u00e7\u00e3o pode ser conferido por meio do link: https:\/\/drive.google.com\/file\/d\/1CsHJPfDizO4E5Pi29FnVdsu1dEg9omL6\/view.<\/p>\n<p>*Outras a\u00e7\u00f5es no m\u00eas da Consci\u00eancia Negra*<\/p>\n<p>Al\u00e9m da exposi\u00e7\u00e3o, a Prefeitura de Caruaru, por meio da Funda\u00e7\u00e3o de Cultura, promoveu uma s\u00e9rie de atividades para a popula\u00e7\u00e3o ao longo deste m\u00eas de novembro. Entre elas, houve mesa-redonda com Petrucio Cruz e de Chris Mendes, que falaram sobre a afro-musicaliza\u00e7\u00e3o e o projeto \u201cAfrobetizando\u201d.<\/p>\n<p>Tamb\u00e9m fizeram parte das atividades a Noite do Aracaj\u00e9 e o desfile do projeto Moda Afro, com Jacqueline Silva; a Noite da Capoeira, com o Grupo de Capoeira Ra\u00e7a Nobre; a entrega do T\u00edtulo de Not\u00f3rio Saber da Cultura Afro para pessoas da sociedade civil que t\u00eam algum trabalho art\u00edstico e\/ou cultural reconhecido na cultura afro-brasileira; e o Samba no Monte. Foto: Jorge Farias e Felipe Correia\/Secom\/PMC.<\/p>\n<p>Siga o Instagram do Blog para comentar @blogdoedvaldomagalhaes<br \/>\nSe inscreva no canal do Blog no You Tube<\/p>\n","protected":false},"excerpt":{"rendered":"<p>A Funda\u00e7\u00e3o de Cultura (FCC), informa que a Exposi\u00e7\u00e3o Orgulho Negro estar\u00e1 aberta para visita\u00e7\u00e3o do p\u00fablico at\u00e9 a pr\u00f3xima&hellip;<\/p>\n","protected":false},"author":1,"featured_media":103267,"comment_status":"closed","ping_status":"open","sticky":false,"template":"","format":"standard","meta":{"footnotes":""},"categories":[14120],"tags":[28803,2,28801,3406,29236],"class_list":["post-103266","post","type-post","status-publish","format-standard","has-post-thumbnail","hentry","category-noticias","tag-blog-com-mais-visualizacoes","tag-blog-do-edvaldo-magalhaes","tag-blog-mais-acessado","tag-caruaru","tag-exposicao-orgulho-negro-esta-aberta-ao-publico-na-fundacao-de-cultura-de-caruaru-ate-terca-feira-5"],"_links":{"self":[{"href":"https:\/\/blogdoedvaldomagalhaes.com.br\/index.php\/wp-json\/wp\/v2\/posts\/103266","targetHints":{"allow":["GET"]}}],"collection":[{"href":"https:\/\/blogdoedvaldomagalhaes.com.br\/index.php\/wp-json\/wp\/v2\/posts"}],"about":[{"href":"https:\/\/blogdoedvaldomagalhaes.com.br\/index.php\/wp-json\/wp\/v2\/types\/post"}],"author":[{"embeddable":true,"href":"https:\/\/blogdoedvaldomagalhaes.com.br\/index.php\/wp-json\/wp\/v2\/users\/1"}],"replies":[{"embeddable":true,"href":"https:\/\/blogdoedvaldomagalhaes.com.br\/index.php\/wp-json\/wp\/v2\/comments?post=103266"}],"version-history":[{"count":1,"href":"https:\/\/blogdoedvaldomagalhaes.com.br\/index.php\/wp-json\/wp\/v2\/posts\/103266\/revisions"}],"predecessor-version":[{"id":103268,"href":"https:\/\/blogdoedvaldomagalhaes.com.br\/index.php\/wp-json\/wp\/v2\/posts\/103266\/revisions\/103268"}],"wp:featuredmedia":[{"embeddable":true,"href":"https:\/\/blogdoedvaldomagalhaes.com.br\/index.php\/wp-json\/wp\/v2\/media\/103267"}],"wp:attachment":[{"href":"https:\/\/blogdoedvaldomagalhaes.com.br\/index.php\/wp-json\/wp\/v2\/media?parent=103266"}],"wp:term":[{"taxonomy":"category","embeddable":true,"href":"https:\/\/blogdoedvaldomagalhaes.com.br\/index.php\/wp-json\/wp\/v2\/categories?post=103266"},{"taxonomy":"post_tag","embeddable":true,"href":"https:\/\/blogdoedvaldomagalhaes.com.br\/index.php\/wp-json\/wp\/v2\/tags?post=103266"}],"curies":[{"name":"wp","href":"https:\/\/api.w.org\/{rel}","templated":true}]}}