{"id":103261,"date":"2023-11-29T09:50:34","date_gmt":"2023-11-29T12:50:34","guid":{"rendered":"https:\/\/blogdoedvaldomagalhaes.com.br\/?p=103261"},"modified":"2023-11-29T10:13:28","modified_gmt":"2023-11-29T13:13:28","slug":"103261","status":"publish","type":"post","link":"https:\/\/blogdoedvaldomagalhaes.com.br\/index.php\/2023\/11\/29\/103261\/","title":{"rendered":"Projeto submetido pelo Escrit\u00f3rio Social do Conselho Nacional de Justi\u00e7a em Caruaru \u00e9 aceito pelo MPPE"},"content":{"rendered":"<p>O Escrit\u00f3rio Social, por meio da Secretaria de Desenvolvimento Social e Direitos Humanos, teve as solicita\u00e7\u00f5es contidas em projeto acatadas pelo Minist\u00e9rio P\u00fablico de Pernambuco. A partir deste m\u00eas de novembro, as pessoas encaminhadas a audi\u00eancia de cust\u00f3dia, no Polo de Audi\u00eancias de Cust\u00f3dia de Caruaru, ter\u00e3o direito a kit com insumos b\u00e1sicos, entregues na soltura.<\/p>\n<p>Os kits s\u00e3o compostos por lanches, garrafas de \u00e1gua pot\u00e1vel, vestimentas, como camisetas, al\u00e9m de chinelos e absorventes. Segundo o Conselho Nacional de Justi\u00e7a, s\u00e3o insumos considerados necess\u00e1rios no momento de soltura da pessoa privada de liberdade: vestu\u00e1rios que n\u00e3o exponham a condi\u00e7\u00e3o de pessoa que passou pelo sistema prisional e itens emergenciais, como alimenta\u00e7\u00e3o e \u00e1gua pot\u00e1vel suficiente para o per\u00edodo de deslocamento entre o local de soltura e o destino informado.<\/p>\n<p>As doa\u00e7\u00f5es v\u00eam de termos de Acordo de N\u00e3o Persecu\u00e7\u00e3o Penal feitos no munic\u00edpio, prevendo a doa\u00e7\u00e3o dos itens ao Escrit\u00f3rio Social, e posteriormente repassados ao F\u00f3rum de Caruaru.<\/p>\n<p>\u201cA entrega de kits b\u00e1sicos de soltura \u00e9 mais uma forma de trazer dignidade ao processo de sa\u00edda, sempre na perspectiva de fazer com que os impactos causados pela pris\u00e3o sejam superados, cumprindo assim as diretrizes estabelecidas pelo CNJ e tamb\u00e9m o nosso dever como executores de pol\u00edticas p\u00fablicas garantidoras de direitos\u201d, afirmou o coordenador do Escrit\u00f3rio Social Caruaru, Paulo Augusto Santos.<\/p>\n<p>Criado para aprimorar as pol\u00edticas p\u00fablicas de acolhimento de pessoas egressas do sistema prisional e seus familiares, o Escrit\u00f3rio Social de Caruaru foi fundado em junho de 2021 pelo Tribunal de Justi\u00e7a de Pernambuco (TJPE), em conjunto com a Prefeitura Municipal de Caruaru e o Centro Universit\u00e1rio Tabosa de Almeida (Asces-Unita), sendo o primeiro do Estado. A iniciativa faz parte do Programa Fazendo Justi\u00e7a, que \u00e9 fruto da parceria do Conselho Nacional de Justi\u00e7a (CNJ) e do Programa das Na\u00e7\u00f5es Unidas para o Desenvolvimento (PNUD), com apoio do Minist\u00e9rio da Justi\u00e7a e Seguran\u00e7a P\u00fablica, e por meio do Departamento Penitenci\u00e1rio Nacional (Depen), e visa a supera\u00e7\u00e3o dos desafios que caracterizam a quest\u00e3o criminal no Brasil. Fotos: SDSDH.<\/p>\n<p>Siga o Instagram do Blog @blogdoedvaldomagalhaes<br \/>\nSe inscreva no canal do Blog no You Tube<\/p>\n","protected":false},"excerpt":{"rendered":"<p>O Escrit\u00f3rio Social, por meio da Secretaria de Desenvolvimento Social e Direitos Humanos, teve as solicita\u00e7\u00f5es contidas em projeto acatadas&hellip;<\/p>\n","protected":false},"author":1,"featured_media":103262,"comment_status":"closed","ping_status":"open","sticky":false,"template":"","format":"standard","meta":{"footnotes":""},"categories":[14120],"tags":[28803,2,28801,3406,29235],"class_list":["post-103261","post","type-post","status-publish","format-standard","has-post-thumbnail","hentry","category-noticias","tag-blog-com-mais-visualizacoes","tag-blog-do-edvaldo-magalhaes","tag-blog-mais-acessado","tag-caruaru","tag-projeto-submetido-pelo-escritorio-social-do-conselho-nacional-de-justica-em-caruaru-e-aceito-pelo-ministerio-publico-de-pernambuco"],"_links":{"self":[{"href":"https:\/\/blogdoedvaldomagalhaes.com.br\/index.php\/wp-json\/wp\/v2\/posts\/103261","targetHints":{"allow":["GET"]}}],"collection":[{"href":"https:\/\/blogdoedvaldomagalhaes.com.br\/index.php\/wp-json\/wp\/v2\/posts"}],"about":[{"href":"https:\/\/blogdoedvaldomagalhaes.com.br\/index.php\/wp-json\/wp\/v2\/types\/post"}],"author":[{"embeddable":true,"href":"https:\/\/blogdoedvaldomagalhaes.com.br\/index.php\/wp-json\/wp\/v2\/users\/1"}],"replies":[{"embeddable":true,"href":"https:\/\/blogdoedvaldomagalhaes.com.br\/index.php\/wp-json\/wp\/v2\/comments?post=103261"}],"version-history":[{"count":2,"href":"https:\/\/blogdoedvaldomagalhaes.com.br\/index.php\/wp-json\/wp\/v2\/posts\/103261\/revisions"}],"predecessor-version":[{"id":103265,"href":"https:\/\/blogdoedvaldomagalhaes.com.br\/index.php\/wp-json\/wp\/v2\/posts\/103261\/revisions\/103265"}],"wp:featuredmedia":[{"embeddable":true,"href":"https:\/\/blogdoedvaldomagalhaes.com.br\/index.php\/wp-json\/wp\/v2\/media\/103262"}],"wp:attachment":[{"href":"https:\/\/blogdoedvaldomagalhaes.com.br\/index.php\/wp-json\/wp\/v2\/media?parent=103261"}],"wp:term":[{"taxonomy":"category","embeddable":true,"href":"https:\/\/blogdoedvaldomagalhaes.com.br\/index.php\/wp-json\/wp\/v2\/categories?post=103261"},{"taxonomy":"post_tag","embeddable":true,"href":"https:\/\/blogdoedvaldomagalhaes.com.br\/index.php\/wp-json\/wp\/v2\/tags?post=103261"}],"curies":[{"name":"wp","href":"https:\/\/api.w.org\/{rel}","templated":true}]}}