{"id":103257,"date":"2023-11-29T09:08:25","date_gmt":"2023-11-29T12:08:25","guid":{"rendered":"https:\/\/blogdoedvaldomagalhaes.com.br\/?p=103257"},"modified":"2023-11-29T09:10:42","modified_gmt":"2023-11-29T12:10:42","slug":"arvore-dos-pedidos-dos-moradores-da-casa-dos-pobres-de-caruaru","status":"publish","type":"post","link":"https:\/\/blogdoedvaldomagalhaes.com.br\/index.php\/2023\/11\/29\/arvore-dos-pedidos-dos-moradores-da-casa-dos-pobres-de-caruaru\/","title":{"rendered":"\u201cArvore dos pedidos dos moradores&#8221; da Casa dos Pobres de Caruaru"},"content":{"rendered":"<p>A Casa dos Pobres S\u00e3o Francisco de Assis como todos os anos comemora o Natal com a \u201cArvore dos pedidos dos moradores\u201d, que esse ano foi montada na entrada principal da Casa. Os pedidos s\u00e3o dos mais simples e diversos, que voc\u00ea pode escolher e fazer o morador feliz.  Os pedidos j\u00e1 est\u00e3o pendurados na \u00e1rvore e s\u00e3o rel\u00f3gios, r\u00e1dios de pilhas, sand\u00e1lias, vestidos e produtos de higiene pessoal. Venha escolher o seu presente.<br \/>\nPara a arvore dos pedidos da Casa, que est\u00e1 montada no espa\u00e7o da Ala 03, voc\u00ea pode presentear a institui\u00e7\u00e3o com roupas de cama, toalhas, fraldas descart\u00e1veis, material de limpeza e o mais que o seu cora\u00e7\u00e3o mandar. Os presentes podem ser doados at\u00e9 o dia 24 de dezembro e os interessados podem se informar pelo 81-3721-4325, ou Whatzapp do Servi\u00e7o social 81-99404-8393, que se caso voc\u00ea n\u00e3o puder vir at\u00e9 a Casa, podemos enviar os pedidos pelo Whatzapp ou e-mail. \u00c9 s\u00f3 entrar em contato.<br \/>\nVenha escolher o seu pedido e fazer o Natal dos idosos mais feliz.<br \/>\nEsperamos por voc\u00eas !!!!<\/p>\n","protected":false},"excerpt":{"rendered":"<p>A Casa dos Pobres S\u00e3o Francisco de Assis como todos os anos comemora o Natal com a \u201cArvore dos pedidos&hellip;<\/p>\n","protected":false},"author":1,"featured_media":103260,"comment_status":"closed","ping_status":"open","sticky":false,"template":"","format":"standard","meta":{"footnotes":""},"categories":[14120],"tags":[29234,28925,2,28801,3406],"class_list":["post-103257","post","type-post","status-publish","format-standard","has-post-thumbnail","hentry","category-noticias","tag-arvore-dos-pedidos-dos-moradores-da-casa-dos-pobres-de-caruaru","tag-blog-comamos-visualizacoes","tag-blog-do-edvaldo-magalhaes","tag-blog-mais-acessado","tag-caruaru"],"_links":{"self":[{"href":"https:\/\/blogdoedvaldomagalhaes.com.br\/index.php\/wp-json\/wp\/v2\/posts\/103257","targetHints":{"allow":["GET"]}}],"collection":[{"href":"https:\/\/blogdoedvaldomagalhaes.com.br\/index.php\/wp-json\/wp\/v2\/posts"}],"about":[{"href":"https:\/\/blogdoedvaldomagalhaes.com.br\/index.php\/wp-json\/wp\/v2\/types\/post"}],"author":[{"embeddable":true,"href":"https:\/\/blogdoedvaldomagalhaes.com.br\/index.php\/wp-json\/wp\/v2\/users\/1"}],"replies":[{"embeddable":true,"href":"https:\/\/blogdoedvaldomagalhaes.com.br\/index.php\/wp-json\/wp\/v2\/comments?post=103257"}],"version-history":[{"count":1,"href":"https:\/\/blogdoedvaldomagalhaes.com.br\/index.php\/wp-json\/wp\/v2\/posts\/103257\/revisions"}],"predecessor-version":[{"id":103258,"href":"https:\/\/blogdoedvaldomagalhaes.com.br\/index.php\/wp-json\/wp\/v2\/posts\/103257\/revisions\/103258"}],"wp:featuredmedia":[{"embeddable":true,"href":"https:\/\/blogdoedvaldomagalhaes.com.br\/index.php\/wp-json\/wp\/v2\/media\/103260"}],"wp:attachment":[{"href":"https:\/\/blogdoedvaldomagalhaes.com.br\/index.php\/wp-json\/wp\/v2\/media?parent=103257"}],"wp:term":[{"taxonomy":"category","embeddable":true,"href":"https:\/\/blogdoedvaldomagalhaes.com.br\/index.php\/wp-json\/wp\/v2\/categories?post=103257"},{"taxonomy":"post_tag","embeddable":true,"href":"https:\/\/blogdoedvaldomagalhaes.com.br\/index.php\/wp-json\/wp\/v2\/tags?post=103257"}],"curies":[{"name":"wp","href":"https:\/\/api.w.org\/{rel}","templated":true}]}}