{"id":103254,"date":"2023-11-29T08:52:39","date_gmt":"2023-11-29T11:52:39","guid":{"rendered":"https:\/\/blogdoedvaldomagalhaes.com.br\/?p=103254"},"modified":"2023-11-29T08:52:40","modified_gmt":"2023-11-29T11:52:40","slug":"transforma-caruaru-realizara-a-3a-edicao-do-bazar-do-bem","status":"publish","type":"post","link":"https:\/\/blogdoedvaldomagalhaes.com.br\/index.php\/2023\/11\/29\/transforma-caruaru-realizara-a-3a-edicao-do-bazar-do-bem\/","title":{"rendered":"Transforma Caruaru realizar\u00e1 a 3\u00aa edi\u00e7\u00e3o do Bazar do Bem"},"content":{"rendered":"<p>O Transforma Caruaru realizar\u00e1, do dia 30 de novembro at\u00e9 3 de dezembro, a terceira edi\u00e7\u00e3o do Bazar do Bem. Com o tema \u201cA solidariedade n\u00e3o sai de moda\u201d, o evento acontecer\u00e1 no segundo piso do Shopping Difusora, das 10h \u00e0s 22h.<\/p>\n<p>O Bazar do Bem \u00e9 diferenciado, no qual v\u00e1rios digital influencers doam pe\u00e7as de roupas, sapatos e acess\u00f3rios, com o objetivo de reverter em cestas b\u00e1sicas e presentes de natal para comunidades de Caruaru, tanto na zona urbana, quanto na zona rural.<\/p>\n<p>\u201cNessa terceira edi\u00e7\u00e3o estamos com muitas pe\u00e7as novas e seminovas, bel\u00edssimas e acreditamos que ser\u00e1 a melhor e maior edi\u00e7\u00e3o, j\u00e1 que o time de influencers do bem far\u00e1 a diferen\u00e7a na vida de muitas pessoas. Ficamos muito felizes pela ajuda de todos que colaboraram e que ir\u00e3o participar conosco\u201d, disse a gerente do Transforma Caruaru, Christianny Magalh\u00e3es.<\/p>\n<p>Este ano o bazar contar\u00e1 com um time de peso, como Dayse Almeida, Carla Guedes, Daniela Lucena, Fernanda Costa, Eslov\u00eania Marques, Juliana Tavares, Gabriela Brederodes, Gabriela Machado, Juliana Nunes, Thais Alamode, Savinho, Marcos Mendes, Hevelly Cavalcante, L\u00edgia Flor\u00eancio, Luana Marabuco, Catarina Carvalho, Joana Quariguasi, al\u00e9m do time do Fique Sabendo PE e das lojas L2M roupas infantis, C&#038;A, Riachuelo e Arezzo. Os influenciadores j\u00e1 s\u00e3o volunt\u00e1rios do Transforma Caruaru e participam durante o ano todo de a\u00e7\u00f5es que fazem a diferen\u00e7a na vida de muitas pessoas.<\/p>\n<p>Siga o Instagram do Blog para comentar @blogdoedvaldomagalhaes<br \/>\nSe inscreva no canal do Blog no You Tube<\/p>\n","protected":false},"excerpt":{"rendered":"<p>O Transforma Caruaru realizar\u00e1, do dia 30 de novembro at\u00e9 3 de dezembro, a terceira edi\u00e7\u00e3o do Bazar do Bem.&hellip;<\/p>\n","protected":false},"author":1,"featured_media":103255,"comment_status":"closed","ping_status":"open","sticky":false,"template":"","format":"standard","meta":{"footnotes":""},"categories":[14120],"tags":[28925,2,28801,3406,29233],"class_list":["post-103254","post","type-post","status-publish","format-standard","has-post-thumbnail","hentry","category-noticias","tag-blog-comamos-visualizacoes","tag-blog-do-edvaldo-magalhaes","tag-blog-mais-acessado","tag-caruaru","tag-transforma-caruaru-realizara-a-3a-edicao-do-bazar-do-bem"],"_links":{"self":[{"href":"https:\/\/blogdoedvaldomagalhaes.com.br\/index.php\/wp-json\/wp\/v2\/posts\/103254","targetHints":{"allow":["GET"]}}],"collection":[{"href":"https:\/\/blogdoedvaldomagalhaes.com.br\/index.php\/wp-json\/wp\/v2\/posts"}],"about":[{"href":"https:\/\/blogdoedvaldomagalhaes.com.br\/index.php\/wp-json\/wp\/v2\/types\/post"}],"author":[{"embeddable":true,"href":"https:\/\/blogdoedvaldomagalhaes.com.br\/index.php\/wp-json\/wp\/v2\/users\/1"}],"replies":[{"embeddable":true,"href":"https:\/\/blogdoedvaldomagalhaes.com.br\/index.php\/wp-json\/wp\/v2\/comments?post=103254"}],"version-history":[{"count":1,"href":"https:\/\/blogdoedvaldomagalhaes.com.br\/index.php\/wp-json\/wp\/v2\/posts\/103254\/revisions"}],"predecessor-version":[{"id":103256,"href":"https:\/\/blogdoedvaldomagalhaes.com.br\/index.php\/wp-json\/wp\/v2\/posts\/103254\/revisions\/103256"}],"wp:featuredmedia":[{"embeddable":true,"href":"https:\/\/blogdoedvaldomagalhaes.com.br\/index.php\/wp-json\/wp\/v2\/media\/103255"}],"wp:attachment":[{"href":"https:\/\/blogdoedvaldomagalhaes.com.br\/index.php\/wp-json\/wp\/v2\/media?parent=103254"}],"wp:term":[{"taxonomy":"category","embeddable":true,"href":"https:\/\/blogdoedvaldomagalhaes.com.br\/index.php\/wp-json\/wp\/v2\/categories?post=103254"},{"taxonomy":"post_tag","embeddable":true,"href":"https:\/\/blogdoedvaldomagalhaes.com.br\/index.php\/wp-json\/wp\/v2\/tags?post=103254"}],"curies":[{"name":"wp","href":"https:\/\/api.w.org\/{rel}","templated":true}]}}