{"id":103248,"date":"2023-11-28T19:43:11","date_gmt":"2023-11-28T22:43:11","guid":{"rendered":"https:\/\/blogdoedvaldomagalhaes.com.br\/?p=103248"},"modified":"2023-11-28T19:43:13","modified_gmt":"2023-11-28T22:43:13","slug":"pernambuco-garante-primeiro-lugar-na-geracao-de-empregos-no-nordeste-em-outubro-de-2023","status":"publish","type":"post","link":"https:\/\/blogdoedvaldomagalhaes.com.br\/index.php\/2023\/11\/28\/pernambuco-garante-primeiro-lugar-na-geracao-de-empregos-no-nordeste-em-outubro-de-2023\/","title":{"rendered":"Pernambuco garante primeiro lugar na gera\u00e7\u00e3o de empregos no Nordeste em outubro de 2023"},"content":{"rendered":"<p>Pelo terceiro m\u00eas consecutivo, Pernambuco atingiu, no \u00faltimo m\u00eas de outubro, a maior gera\u00e7\u00e3o de postos de trabalho do Nordeste, com 8.272 novas carteiras assinadas. Os n\u00fameros de outubro representam um aumento de mais de 9,5% em rela\u00e7\u00e3o ao mesmo per\u00edodo do ano passado. Os dados s\u00e3o do Novo Caged, divulgados nesta ter\u00e7a-feira (28) pelo Minist\u00e9rio do Trabalho e Emprego (MTE). No acumulado dos dez primeiros meses do ano, s\u00e3o 52.477 empregos gerados.<\/p>\n<p>&#8220;Pernambuco demonstrou, mais uma vez, um resultado animador na gera\u00e7\u00e3o de empregos, sendo destaque da regi\u00e3o Nordeste na cria\u00e7\u00e3o de vagas em outubro. Mesmo sendo um ano que enfrentamos desequil\u00edbrio de contas e or\u00e7amento defasado, estamos trabalhando muito e os resultados come\u00e7am a se consolidar. Recolocar Pernambuco no trilho do desenvolvimento, como estamos fazendo desde o in\u00edcio do ano, representa garantir mais emprego e renda para combatermos as mazelas sociais, que precisam e v\u00e3o ficar no passado&#8221;, destaca a governadora Raquel Lyra.<\/p>\n<p>\u201cO resultado do Caged demonstra que Pernambuco est\u00e1 colhendo os frutos das a\u00e7\u00f5es implementadas desde o in\u00edcio do ano para impulsionar a economia e a gera\u00e7\u00e3o de empregos. Vale destacar que o somat\u00f3rio de vagas criadas apenas nos \u00faltimos tr\u00eas meses, ou seja, agosto, setembro e outubro, foi de 42.881, o que corresponde a 81,7% do total de postos gerados desde janeiro. Outro ponto importante em outubro \u00e9 o crescimento dos setores de Servi\u00e7os e Com\u00e9rcio, que chegaram a ultrapassar o da Ind\u00fastria na cria\u00e7\u00e3o de empregos\u201d, afirma a secret\u00e1ria em exerc\u00edcio da Secretaria de Desenvolvimento Profissional e Empreendedorismo de Pernambuco (SEDEPE), Cristiane Andrade.<\/p>\n<p>*Setores* &#8211; Todos os cinco grandes setores produtivos em Pernambuco tiveram saldo de empregos positivo no m\u00eas de outubro de 2023. O resultado foi puxado, principalmente, pelos setores de Servi\u00e7os (3.119), Com\u00e9rcio (2.392) e Ind\u00fastria (1.824). Em seguida, vieram Agropecu\u00e1ria (686) e Constru\u00e7\u00e3o (251).<\/p>\n<p>*Novo Caged* &#8211; O Novo Caged \u00e9 um m\u00e9todo de\u202fgera\u00e7\u00e3o de estat\u00edsticas do emprego formal que capta informa\u00e7\u00f5es do Cadastro Geral de Empregados e Desempregados (Caged), do Sistema de Escritura\u00e7\u00e3o Digital das Obriga\u00e7\u00f5es Fiscais, Previdenci\u00e1rias e Trabalhistas (eSocial) e do sistema Empregador Web. A partir dos dados reunidos, \u00e9 poss\u00edvel calcular a subtra\u00e7\u00e3o entre o n\u00famero de admiss\u00f5es e o de demiss\u00f5es ocorridas em um determinado per\u00edodo, obtendo-se o saldo (positivo ou negativo) de postos de trabalho formal.<br \/>\nFoto: Hes\u00edodo G\u00f3es\/Secom.<\/p>\n<p>Siga o Instagram do Blog para comentar @blogdoedvaldomagalhaed<br \/>\nSe inscreva no canal do Blog no You Tube<\/p>\n","protected":false},"excerpt":{"rendered":"<p>Pelo terceiro m\u00eas consecutivo, Pernambuco atingiu, no \u00faltimo m\u00eas de outubro, a maior gera\u00e7\u00e3o de postos de trabalho do Nordeste,&hellip;<\/p>\n","protected":false},"author":1,"featured_media":103249,"comment_status":"closed","ping_status":"open","sticky":false,"template":"","format":"standard","meta":{"footnotes":""},"categories":[14120],"tags":[28925,2,28801,3406,29230],"class_list":["post-103248","post","type-post","status-publish","format-standard","has-post-thumbnail","hentry","category-noticias","tag-blog-comamos-visualizacoes","tag-blog-do-edvaldo-magalhaes","tag-blog-mais-acessado","tag-caruaru","tag-pernambuco-garante-primeiro-lugar-na-geracao-de-empregos-no-nordeste-em-outubro-de-2023"],"_links":{"self":[{"href":"https:\/\/blogdoedvaldomagalhaes.com.br\/index.php\/wp-json\/wp\/v2\/posts\/103248","targetHints":{"allow":["GET"]}}],"collection":[{"href":"https:\/\/blogdoedvaldomagalhaes.com.br\/index.php\/wp-json\/wp\/v2\/posts"}],"about":[{"href":"https:\/\/blogdoedvaldomagalhaes.com.br\/index.php\/wp-json\/wp\/v2\/types\/post"}],"author":[{"embeddable":true,"href":"https:\/\/blogdoedvaldomagalhaes.com.br\/index.php\/wp-json\/wp\/v2\/users\/1"}],"replies":[{"embeddable":true,"href":"https:\/\/blogdoedvaldomagalhaes.com.br\/index.php\/wp-json\/wp\/v2\/comments?post=103248"}],"version-history":[{"count":1,"href":"https:\/\/blogdoedvaldomagalhaes.com.br\/index.php\/wp-json\/wp\/v2\/posts\/103248\/revisions"}],"predecessor-version":[{"id":103250,"href":"https:\/\/blogdoedvaldomagalhaes.com.br\/index.php\/wp-json\/wp\/v2\/posts\/103248\/revisions\/103250"}],"wp:featuredmedia":[{"embeddable":true,"href":"https:\/\/blogdoedvaldomagalhaes.com.br\/index.php\/wp-json\/wp\/v2\/media\/103249"}],"wp:attachment":[{"href":"https:\/\/blogdoedvaldomagalhaes.com.br\/index.php\/wp-json\/wp\/v2\/media?parent=103248"}],"wp:term":[{"taxonomy":"category","embeddable":true,"href":"https:\/\/blogdoedvaldomagalhaes.com.br\/index.php\/wp-json\/wp\/v2\/categories?post=103248"},{"taxonomy":"post_tag","embeddable":true,"href":"https:\/\/blogdoedvaldomagalhaes.com.br\/index.php\/wp-json\/wp\/v2\/tags?post=103248"}],"curies":[{"name":"wp","href":"https:\/\/api.w.org\/{rel}","templated":true}]}}