{"id":103242,"date":"2023-11-28T19:23:18","date_gmt":"2023-11-28T22:23:18","guid":{"rendered":"https:\/\/blogdoedvaldomagalhaes.com.br\/?p=103242"},"modified":"2023-11-28T19:23:19","modified_gmt":"2023-11-28T22:23:19","slug":"governadora-raquel-lyra-visita-area-em-que-sera-construida-a-escola-de-sargentos-em-pernambuco-e-destaca-relevancia-de-unir-construcao-e-atencao-a-pauta-ambiental","status":"publish","type":"post","link":"https:\/\/blogdoedvaldomagalhaes.com.br\/index.php\/2023\/11\/28\/governadora-raquel-lyra-visita-area-em-que-sera-construida-a-escola-de-sargentos-em-pernambuco-e-destaca-relevancia-de-unir-construcao-e-atencao-a-pauta-ambiental\/","title":{"rendered":"Governadora Raquel Lyra visita \u00e1rea em que ser\u00e1 constru\u00edda a Escola de Sargentos em Pernambuco e destaca relev\u00e2ncia de unir constru\u00e7\u00e3o e aten\u00e7\u00e3o \u00e0 pauta ambiental"},"content":{"rendered":"<p>A governadora Raquel Lyra sobrevoou, na manh\u00e3 desta ter\u00e7a-feira (28), junto a representantes do Comando Militar do Nordeste (CMNE), a \u00e1rea em que ser\u00e1 constru\u00edda a Escola de Forma\u00e7\u00e3o e Gradua\u00e7\u00e3o de Sargentos de Carreira do Ex\u00e9rcito e do Complexo Militar do Ex\u00e9rcito Brasileiro no Estado, na Zona Oeste da Regi\u00e3o Metropolitana do Recife. Em seguida, a chefe do Executivo participou de uma reuni\u00e3o no local, onde foram apresentados os detalhes da implanta\u00e7\u00e3o do empreendimento.<\/p>\n<p>\u201cO Governo do Estado est\u00e1 presente para garantir a constru\u00e7\u00e3o da Escola de Sargentos em Pernambuco sem abrir m\u00e3o da pauta ambiental, para que possamos ter um legado de a\u00e7\u00e3o social, de sustentabilidade econ\u00f4mica e de sustentabilidade ambiental por um projeto t\u00e3o importante para o desenvolvimento desta regi\u00e3o\u201d, afirmou a governadora.<\/p>\n<p>A \u00e1rea total do CIMNC \u00e9 de 7,5 mil hectares e est\u00e1 inserida dentro da Unidade de Conserva\u00e7\u00e3o APA Aldeia Beberibe, que tem uma extens\u00e3o total de 31.634 hectares, perpassando pelos mun\u00edcipios de Abreu e Lima, Ara\u00e7oiaba, Camaragibe, Igarassu, Paudalho, Paulista, Recife e S\u00e3o Louren\u00e7o da Mata.<\/p>\n<p>Em maio deste ano, o Governo de Pernambuco instituiu o Grupo de Trabalho com o objetivo de monitorar a implanta\u00e7\u00e3o do equipamento. \u201cO pilar ambiental vem sendo tratado no Grupo de Trabalho para monitorar o andamento da escola e, efetivamente para encontrar as melhores solu\u00e7\u00f5es e n\u00e3o abrir m\u00e3o nem do meio ambiente, e nem da Escola de Sargentos. J\u00e1 fizemos diversas reuni\u00f5es paralelas, entre nossa equipe do Governo e as institui\u00e7\u00f5es participantes, colocando a sociedade civil e a academia, para analisar e chegar as melhores solu\u00e7\u00f5es\u201d, ressaltou a secret\u00e1ria de Meio Ambiente, Sustentabilidade e de Fernando de Noronha, Ana Luiza Ferreira, que tamb\u00e9m esteve presente no encontro.<\/p>\n<p>O gerente do Subprograma da Escola de Sargento do Ex\u00e9rcito, general Joarez Alves Pereira J\u00fanior, destacou a import\u00e2ncia da parceria entre o Governo de Pernambuco e o Ex\u00e9rcito. \u201cFoi um encontro muito positivo. Quanto mais a governadora conhece do nosso empreendimento e a\u00e7\u00f5es, mais f\u00e1cil torna a execu\u00e7\u00e3o. \u00c9 um projeto estrat\u00e9gico e complexo que exige essa parceria muito consolidada\u201d, enfatizou.<\/p>\n<p>Tamb\u00e9m estiveram presentes o comandante da 7\u00aa Divis\u00e3o de Ex\u00e9rcito, o general de divis\u00e3o Raul; o assessor de Meio Ambiente do Comando Militar do Nordeste, coronel R1 Helder Guimar\u00e3es; e o assessor do escrit\u00f3rio do Subprograma da Escola de Sargento do Ex\u00e9rcito, Coronel R1 Ordonho.<\/p>\n<p>Foto: Y\u00eado Leonel\/ Secom.<\/p>\n<p>Siga o Instagram do Blog para comentar @blogdoedvaldomagalhaes<br \/>\nSe inscreva no canal do Blog no You Tube<\/p>\n","protected":false},"excerpt":{"rendered":"<p>A governadora Raquel Lyra sobrevoou, na manh\u00e3 desta ter\u00e7a-feira (28), junto a representantes do Comando Militar do Nordeste (CMNE), a&hellip;<\/p>\n","protected":false},"author":1,"featured_media":103243,"comment_status":"closed","ping_status":"open","sticky":false,"template":"","format":"standard","meta":{"footnotes":""},"categories":[14122],"tags":[28925,2,28801,3406,29228,20],"class_list":["post-103242","post","type-post","status-publish","format-standard","has-post-thumbnail","hentry","category-politica","tag-blog-comamos-visualizacoes","tag-blog-do-edvaldo-magalhaes","tag-blog-mais-acessado","tag-caruaru","tag-governadora-raquel-lyra-visita-area-em-que-sera-construida-a-escola-de-sargentos-em-pernambuco-e-destaca-relevancia-de-unir-construcao-e-atencao-a-pauta-ambiental","tag-politica"],"_links":{"self":[{"href":"https:\/\/blogdoedvaldomagalhaes.com.br\/index.php\/wp-json\/wp\/v2\/posts\/103242","targetHints":{"allow":["GET"]}}],"collection":[{"href":"https:\/\/blogdoedvaldomagalhaes.com.br\/index.php\/wp-json\/wp\/v2\/posts"}],"about":[{"href":"https:\/\/blogdoedvaldomagalhaes.com.br\/index.php\/wp-json\/wp\/v2\/types\/post"}],"author":[{"embeddable":true,"href":"https:\/\/blogdoedvaldomagalhaes.com.br\/index.php\/wp-json\/wp\/v2\/users\/1"}],"replies":[{"embeddable":true,"href":"https:\/\/blogdoedvaldomagalhaes.com.br\/index.php\/wp-json\/wp\/v2\/comments?post=103242"}],"version-history":[{"count":1,"href":"https:\/\/blogdoedvaldomagalhaes.com.br\/index.php\/wp-json\/wp\/v2\/posts\/103242\/revisions"}],"predecessor-version":[{"id":103244,"href":"https:\/\/blogdoedvaldomagalhaes.com.br\/index.php\/wp-json\/wp\/v2\/posts\/103242\/revisions\/103244"}],"wp:featuredmedia":[{"embeddable":true,"href":"https:\/\/blogdoedvaldomagalhaes.com.br\/index.php\/wp-json\/wp\/v2\/media\/103243"}],"wp:attachment":[{"href":"https:\/\/blogdoedvaldomagalhaes.com.br\/index.php\/wp-json\/wp\/v2\/media?parent=103242"}],"wp:term":[{"taxonomy":"category","embeddable":true,"href":"https:\/\/blogdoedvaldomagalhaes.com.br\/index.php\/wp-json\/wp\/v2\/categories?post=103242"},{"taxonomy":"post_tag","embeddable":true,"href":"https:\/\/blogdoedvaldomagalhaes.com.br\/index.php\/wp-json\/wp\/v2\/tags?post=103242"}],"curies":[{"name":"wp","href":"https:\/\/api.w.org\/{rel}","templated":true}]}}