{"id":103233,"date":"2023-11-28T16:23:19","date_gmt":"2023-11-28T19:23:19","guid":{"rendered":"https:\/\/blogdoedvaldomagalhaes.com.br\/?p=103233"},"modified":"2023-11-28T16:30:50","modified_gmt":"2023-11-28T19:30:50","slug":"vereador-jorge-quintino-tem-iniciativa-de-campanha-permanente-para-saude-mental-em-caruaru","status":"publish","type":"post","link":"https:\/\/blogdoedvaldomagalhaes.com.br\/index.php\/2023\/11\/28\/vereador-jorge-quintino-tem-iniciativa-de-campanha-permanente-para-saude-mental-em-caruaru\/","title":{"rendered":"Vereador Jorge Quintino tem Iniciativa de Campanha Permanente para Sa\u00fade Mental em Caruaru"},"content":{"rendered":"<p>O vereador Jorge Quintino (SD), est\u00e1 liderando uma proposta para implementar uma &#8220;Campanha Permanente de Orienta\u00e7\u00e3o, Preven\u00e7\u00e3o e Conscientiza\u00e7\u00e3o da Depress\u00e3o, Transtorno de Ansiedade e S\u00edndrome do P\u00e2nico&#8221;. Esta iniciativa proativa surge em resposta ao crescente desafio de sa\u00fade mental enfrentado por muitos cidad\u00e3os em nossa cidade. Em meio a uma era em que as doen\u00e7as mentais afetam uma parcela significativa da popula\u00e7\u00e3o, Jorge Quintino destaca a necessidade urgente de a\u00e7\u00f5es que n\u00e3o apenas informem, mas tamb\u00e9m promovam a compreens\u00e3o e combatam o estigma associado a esses transtornos. A campanha proposta visa criar uma plataforma cont\u00ednua para orientar, prevenir e conscientizar, estabelecendo um di\u00e1logo aberto e inclusivo sobre quest\u00f5es relacionadas \u00e0 sa\u00fade mental.<\/p>\n<p>Estrat\u00e9gias preventivas ser\u00e3o implementadas para abordar fatores de risco, promovendo estilos de vida saud\u00e1veis e criando ambientes favor\u00e1veis \u200b\u200b\u00e0 sa\u00fade mental e a forma\u00e7\u00e3o de parcerias comunit\u00e1rias, com institui\u00e7\u00f5es de sa\u00fade, educacionais e organiza\u00e7\u00f5es locais para garantir a efic\u00e1cia e a abrang\u00eancia da campanha.<\/p>\n<p>O vereador destaca que a educa\u00e7\u00e3o e a conscientiza\u00e7\u00e3o s\u00e3o as bases para uma mudan\u00e7a significativa na abordagem da sociedade em rela\u00e7\u00e3o \u00e0 sa\u00fade mental. A Campanha Permanente proposta por Jorge Quintino visa n\u00e3o apenas lidar com os desafios existentes, mas tamb\u00e9m criar uma base s\u00f3lida para um futuro mais saud\u00e1vel e resiliente. A proposta agora aguarda discuss\u00e3o e apoio dentro do \u00f3rg\u00e3o legislativo local, com a esperan\u00e7a de que a comunidade se una para apoiar essa causa crucial. O gabinete do vereador Jorge Quintino est\u00e1 aberto para coment\u00e1rios e sugest\u00f5es da popula\u00e7\u00e3o, promovendo assim um processo participativo e inclusivo na constru\u00e7\u00e3o de uma comunidade mentalmente saud\u00e1vel.<br \/>\nFoto: Vladimir Barreto.<\/p>\n<p>Siga o Instagram do Blog para comentar @blogdoedvaldomagalhaes<br \/>\nSe inscreva no canal do Blog no You Tube<\/p>\n","protected":false},"excerpt":{"rendered":"<p>O vereador Jorge Quintino (SD), est\u00e1 liderando uma proposta para implementar uma &#8220;Campanha Permanente de Orienta\u00e7\u00e3o, Preven\u00e7\u00e3o e Conscientiza\u00e7\u00e3o da&hellip;<\/p>\n","protected":false},"author":1,"featured_media":100936,"comment_status":"closed","ping_status":"open","sticky":false,"template":"","format":"standard","meta":{"footnotes":""},"categories":[14122],"tags":[2,28801,3406,20,29226],"class_list":["post-103233","post","type-post","status-publish","format-standard","has-post-thumbnail","hentry","category-politica","tag-blog-do-edvaldo-magalhaes","tag-blog-mais-acessado","tag-caruaru","tag-politica","tag-vereador-jorge-quintino-tem-iniciativa-de-campanha-permanente-para-saude-mental-em-caruaru"],"_links":{"self":[{"href":"https:\/\/blogdoedvaldomagalhaes.com.br\/index.php\/wp-json\/wp\/v2\/posts\/103233","targetHints":{"allow":["GET"]}}],"collection":[{"href":"https:\/\/blogdoedvaldomagalhaes.com.br\/index.php\/wp-json\/wp\/v2\/posts"}],"about":[{"href":"https:\/\/blogdoedvaldomagalhaes.com.br\/index.php\/wp-json\/wp\/v2\/types\/post"}],"author":[{"embeddable":true,"href":"https:\/\/blogdoedvaldomagalhaes.com.br\/index.php\/wp-json\/wp\/v2\/users\/1"}],"replies":[{"embeddable":true,"href":"https:\/\/blogdoedvaldomagalhaes.com.br\/index.php\/wp-json\/wp\/v2\/comments?post=103233"}],"version-history":[{"count":1,"href":"https:\/\/blogdoedvaldomagalhaes.com.br\/index.php\/wp-json\/wp\/v2\/posts\/103233\/revisions"}],"predecessor-version":[{"id":103234,"href":"https:\/\/blogdoedvaldomagalhaes.com.br\/index.php\/wp-json\/wp\/v2\/posts\/103233\/revisions\/103234"}],"wp:featuredmedia":[{"embeddable":true,"href":"https:\/\/blogdoedvaldomagalhaes.com.br\/index.php\/wp-json\/wp\/v2\/media\/100936"}],"wp:attachment":[{"href":"https:\/\/blogdoedvaldomagalhaes.com.br\/index.php\/wp-json\/wp\/v2\/media?parent=103233"}],"wp:term":[{"taxonomy":"category","embeddable":true,"href":"https:\/\/blogdoedvaldomagalhaes.com.br\/index.php\/wp-json\/wp\/v2\/categories?post=103233"},{"taxonomy":"post_tag","embeddable":true,"href":"https:\/\/blogdoedvaldomagalhaes.com.br\/index.php\/wp-json\/wp\/v2\/tags?post=103233"}],"curies":[{"name":"wp","href":"https:\/\/api.w.org\/{rel}","templated":true}]}}