{"id":103230,"date":"2023-11-28T14:18:14","date_gmt":"2023-11-28T17:18:14","guid":{"rendered":"https:\/\/blogdoedvaldomagalhaes.com.br\/?p=103230"},"modified":"2023-11-28T14:18:16","modified_gmt":"2023-11-28T17:18:16","slug":"servidoras-da-saude-representam-caruaru-em-viagem-a-sao-paulo","status":"publish","type":"post","link":"https:\/\/blogdoedvaldomagalhaes.com.br\/index.php\/2023\/11\/28\/servidoras-da-saude-representam-caruaru-em-viagem-a-sao-paulo\/","title":{"rendered":"Servidoras da sa\u00fade representam Caruaru em viagem \u00e0 S\u00e3o Paulo"},"content":{"rendered":"<p><span style=\"font-size: revert;\">Participa\u00e7\u00e3o das caruaruenses na 3\u00aa Sess\u00e3o de Aprendizagem Presencial (SAP3), faz parte da integra\u00e7\u00e3o vivida pelo munic\u00edpio no projeto Sepse nas UPAs.<\/span><\/p>\n<p>O projeto foi implantado em Caruaru h\u00e1 2 anos, na UPA Boa Vista, com o incentivo do Minist\u00e9rio da Sa\u00fade e Hospital S\u00edrio Liban\u00eas.<\/p>\n<p>Est\u00e3o representando a cidade nessa viagem as servidoras Alexane Ten\u00f3rio, l\u00edder do projeto, T\u00e2mara Raquel, gerente da UPA Boa Vista, Camila Mota, l\u00edder da enfermagem e Rhayza Tatiane, l\u00edder farmac\u00eautica.<\/p>\n","protected":false},"excerpt":{"rendered":"<p>Participa\u00e7\u00e3o das caruaruenses na 3\u00aa Sess\u00e3o de Aprendizagem Presencial (SAP3), faz parte da integra\u00e7\u00e3o vivida pelo munic\u00edpio no projeto Sepse&hellip;<\/p>\n","protected":false},"author":1,"featured_media":103231,"comment_status":"closed","ping_status":"open","sticky":false,"template":"","format":"standard","meta":{"footnotes":""},"categories":[14120],"tags":[28803,2,28801,29225],"class_list":["post-103230","post","type-post","status-publish","format-standard","has-post-thumbnail","hentry","category-noticias","tag-blog-com-mais-visualizacoes","tag-blog-do-edvaldo-magalhaes","tag-blog-mais-acessado","tag-servidoras-da-saude-representam-caruaru-em-viagem-a-sao-paulo"],"_links":{"self":[{"href":"https:\/\/blogdoedvaldomagalhaes.com.br\/index.php\/wp-json\/wp\/v2\/posts\/103230","targetHints":{"allow":["GET"]}}],"collection":[{"href":"https:\/\/blogdoedvaldomagalhaes.com.br\/index.php\/wp-json\/wp\/v2\/posts"}],"about":[{"href":"https:\/\/blogdoedvaldomagalhaes.com.br\/index.php\/wp-json\/wp\/v2\/types\/post"}],"author":[{"embeddable":true,"href":"https:\/\/blogdoedvaldomagalhaes.com.br\/index.php\/wp-json\/wp\/v2\/users\/1"}],"replies":[{"embeddable":true,"href":"https:\/\/blogdoedvaldomagalhaes.com.br\/index.php\/wp-json\/wp\/v2\/comments?post=103230"}],"version-history":[{"count":1,"href":"https:\/\/blogdoedvaldomagalhaes.com.br\/index.php\/wp-json\/wp\/v2\/posts\/103230\/revisions"}],"predecessor-version":[{"id":103232,"href":"https:\/\/blogdoedvaldomagalhaes.com.br\/index.php\/wp-json\/wp\/v2\/posts\/103230\/revisions\/103232"}],"wp:featuredmedia":[{"embeddable":true,"href":"https:\/\/blogdoedvaldomagalhaes.com.br\/index.php\/wp-json\/wp\/v2\/media\/103231"}],"wp:attachment":[{"href":"https:\/\/blogdoedvaldomagalhaes.com.br\/index.php\/wp-json\/wp\/v2\/media?parent=103230"}],"wp:term":[{"taxonomy":"category","embeddable":true,"href":"https:\/\/blogdoedvaldomagalhaes.com.br\/index.php\/wp-json\/wp\/v2\/categories?post=103230"},{"taxonomy":"post_tag","embeddable":true,"href":"https:\/\/blogdoedvaldomagalhaes.com.br\/index.php\/wp-json\/wp\/v2\/tags?post=103230"}],"curies":[{"name":"wp","href":"https:\/\/api.w.org\/{rel}","templated":true}]}}